{"id":39412,"date":"2025-08-21T22:38:08","date_gmt":"2025-08-21T22:38:08","guid":{"rendered":"https:\/\/www.europesays.com\/pt\/39412\/"},"modified":"2025-08-21T22:38:08","modified_gmt":"2025-08-21T22:38:08","slug":"faca-ela-voltar-e-experiencia-de-terror-dolorosa-triste-e-devastadora-uol","status":"publish","type":"post","link":"https:\/\/www.europesays.com\/pt\/39412\/","title":{"rendered":"&#039;Fa\u00e7a Ela Voltar&#039; \u00e9 experi\u00eancia de terror dolorosa, triste e devastadora &#8211; UOL"},"content":{"rendered":"<ol>\n<li><a href=\"https:\/\/news.google.com\/rss\/articles\/CBMi1gFBVV95cUxOV1Y3UlZMTlp1OWlnVnljWU9SaXJ5dXZlY1M5TExLalJBbmZuTjZSeV9rSW43OXE3RGVWTFdqcWh6N25nTGV6cC01VExZWnFxY2hENjA2WGNJVU8wSGpWZXFiS2hTOV9wclNUMS1ENkNVakNqQkFjNjl6QjZzOFRSYlk2UFloWXVwa3VodW84cGpzT1B6b1VjMFBpd3VIaUpPRmFGRkNMRFR3TWZLLV9ZdFVFTGNmaGpDWkJLbkxWdVgydXZ2YmxnUi1YcUhYbmlSTnMxMjBn?oc=5\" target=\"_blank\" rel=\"nofollow noopener\">&#8216;Fa\u00e7a Ela Voltar&#8217; \u00e9 experi\u00eancia de terror dolorosa, triste e devastadora<\/a>&nbsp;&nbsp;UOL<\/li>\n<li><a href=\"https:\/\/news.google.com\/rss\/articles\/CBMi8gFBVV95cUxQN0VMVnphN3otUmdwNWlRMlVOaUtDQ083Q1d0VWN2MXRIdWZWR2JRMkExV1dWR2d4S0NvdDVWVnl6QzRyY2hua3RhRWZHSzAxY3JmR3UyMno5bUctdTdzTG5kR05lZXRrcDE3cXZ6d09kb2FoLS1yN3dWWjN4X3IyUFF5V0drVm4yaEktcmYwdU5HSjlkU3pZU2JrcVNCMVczcVI2QW9KYVdVckdZR1hsV2gwNFl6b3lvZUlkOTdqV01QcUxfdlJXenN6eUpFVVhhaXQtcUVCQ25lejlCVVlJRVJWb0o4a1FtRmJPTDB2U0Z2dw?oc=5\" target=\"_blank\" rel=\"nofollow noopener\">Por que &#8220;Fa\u00e7a Ela Voltar&#8221; \u00e9 o melhor filme de terror de 2025<\/a>&nbsp;&nbsp;GZH<\/li>\n<li><a href=\"https:\/\/news.google.com\/rss\/articles\/CBMisAFBVV95cUxNQkd3MG5OVHlrMDM3X2MyTEtYSENKUDdGVVhUZkd6WFE2WmVlYTlFcTlpbU54UGFDSXVOWThhaTZXaTNoOUlYdWVjNjZtNnpTZmtiZXNUTUJTTHBBcFZDbEZ0SWVuQnlnNWl4dmM2WGVEQ01nQWpQV015aFRzQkdVODdCdXVxM1BEMFpNazRQSENVVjRkWUVFcVdGOHFZc1BaYXlBMXBLQUZPMUk3UTMxetIBtgFBVV95cUxNVkJSX3JKT3JienZRRHVMM09iMV9ZNnY1Tl9COXRZZm5kUlJfNUNkZmVtem9LckVIcjEwMlltcUp5QU1ad1BVcXdfb1pNWENadkF5NFJVc3J2X3JBMk9ReHVzQnBUdFVrbjFkOEVtdVVwalVHYUVVemFibERzcWRNTkNHLWI4c3ZiYUZyZGY0anRka0VVZ2sybUl5Z2RVd1o2eFZXcE5LTUNLcmJNaWtxeDA0X3p2UQ?oc=5\" target=\"_blank\" rel=\"nofollow noopener\">\u2018Fa\u00e7a Ela Voltar\u2019 trata de luto sem se esquecer que, acima de tudo, \u00e9 um terror<\/a>&nbsp;&nbsp;Rolling Stone Brasil<\/li>\n<li><a href=\"https:\/\/news.google.com\/rss\/articles\/CBMi9gFBVV95cUxNenpqbm9nblZiVDRoQmtzZkR6dlhmU3ZNVWk2ZTBvWjBtU1RkVWtPb2pNeG5uMGpqTVU5S09VcmZDTHduQlo4VWtDQnVJM0g3ZmF1MFZvcXRoZjBpOW1HaTBhNExDRXFnN0x1Tm5fRVpWZ2NqUTFWNFFXb0s0b0ZoSWFqSHRSWkt1b0tPQjk2QmYxWnJiTWNWU1ZzSWo2N0VzdnN2cm1VUERSQ1RWN1NrM1QwcDN1aW9Mem9jUVR6Z2lyNU1pX3VOcFl4MUN2VmVhMGI2Z3pZN2diYkJOcmQ3bEctMEdSZndpbUxqYzh0WE0zUEtubUE?oc=5\" target=\"_blank\" rel=\"nofollow noopener\">&#8216;Fa\u00e7a Ela Voltar&#8217;, terror dos diretores de &#8216;Fale Comigo&#8217;, estreia nos cinemas<\/a>&nbsp;&nbsp;Terra<\/li>\n<\/ol>\n","protected":false},"excerpt":{"rendered":"&#8216;Fa\u00e7a Ela Voltar&#8217; \u00e9 experi\u00eancia de terror dolorosa, triste e devastadora&nbsp;&nbsp;UOL Por que &#8220;Fa\u00e7a Ela Voltar&#8221; \u00e9 o&hellip;\n","protected":false},"author":2,"featured_media":39413,"comment_status":"","ping_status":"","sticky":false,"template":"","format":"standard","meta":{"footnotes":""},"categories":[140],"tags":[114,115,147,148,146,32,33],"class_list":{"0":"post-39412","1":"post","2":"type-post","3":"status-publish","4":"format-standard","5":"has-post-thumbnail","7":"category-filmes","8":"tag-entertainment","9":"tag-entretenimento","10":"tag-film","11":"tag-filmes","12":"tag-movies","13":"tag-portugal","14":"tag-pt"},"share_on_mastodon":{"url":"","error":""},"_links":{"self":[{"href":"https:\/\/www.europesays.com\/pt\/wp-json\/wp\/v2\/posts\/39412","targetHints":{"allow":["GET"]}}],"collection":[{"href":"https:\/\/www.europesays.com\/pt\/wp-json\/wp\/v2\/posts"}],"about":[{"href":"https:\/\/www.europesays.com\/pt\/wp-json\/wp\/v2\/types\/post"}],"author":[{"embeddable":true,"href":"https:\/\/www.europesays.com\/pt\/wp-json\/wp\/v2\/users\/2"}],"replies":[{"embeddable":true,"href":"https:\/\/www.europesays.com\/pt\/wp-json\/wp\/v2\/comments?post=39412"}],"version-history":[{"count":0,"href":"https:\/\/www.europesays.com\/pt\/wp-json\/wp\/v2\/posts\/39412\/revisions"}],"wp:featuredmedia":[{"embeddable":true,"href":"https:\/\/www.europesays.com\/pt\/wp-json\/wp\/v2\/media\/39413"}],"wp:attachment":[{"href":"https:\/\/www.europesays.com\/pt\/wp-json\/wp\/v2\/media?parent=39412"}],"wp:term":[{"taxonomy":"category","embeddable":true,"href":"https:\/\/www.europesays.com\/pt\/wp-json\/wp\/v2\/categories?post=39412"},{"taxonomy":"post_tag","embeddable":true,"href":"https:\/\/www.europesays.com\/pt\/wp-json\/wp\/v2\/tags?post=39412"}],"curies":[{"name":"wp","href":"https:\/\/api.w.org\/{rel}","templated":true}]}}