{"id":394184,"date":"2026-05-25T11:51:13","date_gmt":"2026-05-25T11:51:13","guid":{"rendered":"https:\/\/www.europesays.com\/pt\/394184\/"},"modified":"2026-05-25T11:51:13","modified_gmt":"2026-05-25T11:51:13","slug":"estreia-muito-positiva-de-nuno-borges-em-paris-tenis","status":"publish","type":"post","link":"https:\/\/www.europesays.com\/pt\/394184\/","title":{"rendered":"Estreia muito positiva de Nuno Borges em Paris | T\u00e9nis"},"content":{"rendered":"<p>Ultrapassar a primeira ronda de um torneio do Grand Slam est\u00e1 a tornar-se num belo h\u00e1bito para Nuno Borges. E nem o facto de ter de enfrentar, logo de entrada, um dos 32 principais favoritos tem impedido o tenista da Maia de somar vit\u00f3rias nos torneios mais importantes do mundo, como \u00e9 o caso de <a href=\"https:\/\/www.publico.pt\/2026\/05\/24\/desporto\/noticia\/politica-toma-conta-roland-garros-aguarda-coroacao-sinner-2175818\" target=\"_self\" rel=\"nofollow noopener\">Roland Garros<\/a>. Pela s\u00e9tima vez consecutiva na carreira, Borges estreou-se num major a vencer, eliminando Tomas Martin Etcheverry, 23.\u00ba cabe\u00e7a de s\u00e9rie, sem ceder um set.<\/p>\n<p>\u201cFoi uma vit\u00f3ria muito, muito positiva, frente a um jogador que est\u00e1 muito confort\u00e1vel na terra batida, que j\u00e1 foi muito feliz aqui em Roland Garros, onde j\u00e1 fez quartos-de-final. Sabia que ia ser duro, estava muito calor e vencer em tr\u00eas sets, da maneira como o fiz, e a forma como lidei com tudo, deixou-me contente. Agora \u00e9 recuperar ao m\u00e1ximo, tenho dois dias de descanso antes da pr\u00f3xima ronda, mas tiro muita confian\u00e7a desta vit\u00f3ria\u201d, afirmou Borges (50.\u00ba no ranking), depois de derrotar o argentino, por 6-3, 6-4 e 6-2, em pouco menos de duas horas e meia.<\/p>\n<p>Aproveitando as condi\u00e7\u00f5es r\u00e1pidas, Borges foi o mais agressivo (36 winners contra 12) e mais s\u00f3lido nos jogos de servi\u00e7o, cedendo somente dois breaks: quando serviu para fechar o primeiro set, a 5-1, e para concluir o segundo, a 5-2. Esta foi a terceira vit\u00f3ria do n\u00famero um portugu\u00eas sobre Etcheverry (25.\u00ba), que foi quarto-finalista em Paris em 2023 e, este ano, conquistou o primeiro t\u00edtulo no ATP Tour, no ATP 500 do Rio de Janeiro.<\/p>\n<p>        &#13;<\/p>\n<p>&#13;<br \/>\n                &#13;\n            <\/p>\n<p>&#13;<\/p>\n<p>O pr\u00f3ximo advers\u00e1rio de Borges \u00e9 Miomir Kecmanovic (48.\u00ba), que eliminou Fabian Marozsan (52.\u00ba), por 7-6 (7\/0), 6-3 e 6-4. O s\u00e9rvio venceu dois dos tr\u00eas duelos anteriores, tendo a \u00faltima vit\u00f3ria tido lugar nos quartos-de-final do Estoril Open do ano passado.<\/p>\n<p><a href=\"https:\/\/www.publico.pt\/2026\/05\/14\/desporto\/noticia\/armada-portuguesa-reforcada-rolandgarros-2174742?ref=tenis&amp;cx=page__content\" target=\"_self\" rel=\"nofollow noopener\">Nuno Borges<\/a> est\u00e1 tamb\u00e9m presente na prova de pares, ao lado do chin\u00eas Zhang Zhizhen. J\u00e1 Francisco Cabral e o brit\u00e2nico Joe Salisbury surgem como a oitava melhor dupla do quadro. O outro portugu\u00eas no quadro de singulares, Jaime Faria (117.\u00ba), s\u00f3 ir\u00e1 defrontar o canadiano Denis Shapovalov (ex-10.\u00ba e actual 37.\u00ba), na ter\u00e7a-feira.<\/p>\n<p>Taylor Fritz volta a cair<\/p>\n<p>Entre os vencedores no primeiro dia do quadro principal est\u00e3o Alexander Zverev, Karen Khachanov, Alejandro Davidovich Fokina, Jakub Mensik, Jo\u00e3o Fonseca e a nova revela\u00e7\u00e3o belga, Alexander Blockx.<\/p>\n<p>Em sentido contr\u00e1rio, Taylor Fritz (9.\u00ba) foi o primeiro top 10 a ser eliminado em Paris. O norte-americano, ainda a recuperar a forma depois de uma les\u00e3o no joelho, voltou a aperder na estreia em Roland Garros pelo segundo ano consecutivo, diante do compatriota Nishesh Basavareddy (156.\u00ba). Basavareddy, de 21 anos, estreou-se no quadro principal de Roland Garros com a maior vit\u00f3ria da sua carreira, com os parciais de 7-6 (7\/5), 7-6 (7\/5), 6-7 (9\/11) e 6-1.<\/p>\n<p>Na competi\u00e7\u00e3o feminina, Mirra Andreeva, Belinda Bencic e Marta Kostyuk venceram em dois sets, enquanto duas antigas campe\u00e3s de majors de 2021 foram eliminadas: Barbora Krejcikova, vencedora em Roland Garros, e Emma Raducanu, vencedora do US Open.<\/p>\n","protected":false},"excerpt":{"rendered":"Ultrapassar a primeira ronda de um torneio do Grand Slam est\u00e1 a tornar-se num belo h\u00e1bito para Nuno&hellip;\n","protected":false},"author":2,"featured_media":394185,"comment_status":"","ping_status":"","sticky":false,"template":"","format":"standard","meta":{"footnotes":"","_share_on_mastodon":"0"},"categories":[87],"tags":[135,1867,32,33,60732,134,2349],"class_list":["post-394184","post","type-post","status-publish","format-standard","has-post-thumbnail","category-desporto","tag-desporto","tag-outras-modalidades","tag-portugal","tag-pt","tag-roland-garros","tag-sports","tag-tenis"],"share_on_mastodon":{"url":"https:\/\/pubeurope.com\/@pt\/116635074126735405","error":""},"_links":{"self":[{"href":"https:\/\/www.europesays.com\/pt\/wp-json\/wp\/v2\/posts\/394184","targetHints":{"allow":["GET"]}}],"collection":[{"href":"https:\/\/www.europesays.com\/pt\/wp-json\/wp\/v2\/posts"}],"about":[{"href":"https:\/\/www.europesays.com\/pt\/wp-json\/wp\/v2\/types\/post"}],"author":[{"embeddable":true,"href":"https:\/\/www.europesays.com\/pt\/wp-json\/wp\/v2\/users\/2"}],"replies":[{"embeddable":true,"href":"https:\/\/www.europesays.com\/pt\/wp-json\/wp\/v2\/comments?post=394184"}],"version-history":[{"count":0,"href":"https:\/\/www.europesays.com\/pt\/wp-json\/wp\/v2\/posts\/394184\/revisions"}],"wp:featuredmedia":[{"embeddable":true,"href":"https:\/\/www.europesays.com\/pt\/wp-json\/wp\/v2\/media\/394185"}],"wp:attachment":[{"href":"https:\/\/www.europesays.com\/pt\/wp-json\/wp\/v2\/media?parent=394184"}],"wp:term":[{"taxonomy":"category","embeddable":true,"href":"https:\/\/www.europesays.com\/pt\/wp-json\/wp\/v2\/categories?post=394184"},{"taxonomy":"post_tag","embeddable":true,"href":"https:\/\/www.europesays.com\/pt\/wp-json\/wp\/v2\/tags?post=394184"}],"curies":[{"name":"wp","href":"https:\/\/api.w.org\/{rel}","templated":true}]}}