{"id":394243,"date":"2026-05-25T12:36:23","date_gmt":"2026-05-25T12:36:23","guid":{"rendered":"https:\/\/www.europesays.com\/pt\/394243\/"},"modified":"2026-05-25T12:36:23","modified_gmt":"2026-05-25T12:36:23","slug":"iphone-20-conceito-revela-design-com-tela-curva-e-quase-sem-bordas","status":"publish","type":"post","link":"https:\/\/www.europesays.com\/pt\/394243\/","title":{"rendered":"iPhone 20: conceito revela design com tela curva e quase sem bordas"},"content":{"rendered":"<p>Em abril, <a class=\"tg-link-manual\" href=\"https:\/\/www.oficinadanet.com.br\/noticias\/69078-iphone-de-2027-pode-marcar-nova-era-com-tela-quadrupla-curva\" rel=\"nofollow noopener\" target=\"_blank\">surgiram informa\u00e7\u00f5es de que a Apple estaria desenvolvendo um iPhone com tela qu\u00e1drupla curva para comemorar os 20 anos do aparelho<\/a>. O modelo, chamado at\u00e9 ent\u00e3o de <strong>iPhone 20<\/strong>, agora foi alvo de um novo vazamento que revelou seu poss\u00edvel design, deixando bem claro que a fabricante pode estar preparando uma das maiores mudan\u00e7as visuais na hist\u00f3ria do <a class=\"lib tg-lib\" href=\"https:\/\/www.oficinadanet.com.br\/iphone\" rel=\"nofollow noopener\" target=\"_blank\">iPhone<\/a>.<\/p>\n<p>Conceito revela design do iPhone 20<\/p>\n<p>Um v\u00eddeo publicado no <a class=\"lib tg-lib\" href=\"https:\/\/www.oficinadanet.com.br\/youtube\" rel=\"nofollow noopener\" target=\"_blank\">YouTube<\/a> pelo canal fpt. revelou o suposto design do iPhone 20, que, por sinal, j\u00e1 estaria nos est\u00e1gios iniciais de produ\u00e7\u00e3o. Embora a <a class=\"lib tg-lib\" href=\"https:\/\/www.oficinadanet.com.br\/apple\" rel=\"nofollow noopener\" target=\"_blank\">Apple<\/a> n\u00e3o tenha confirmado nada, o conceito se parece bastante com <a class=\"lib tg-lib\" href=\"https:\/\/www.oficinadanet.com.br\/rumores\" rel=\"nofollow noopener\" target=\"_blank\">rumores<\/a> divulgados nos \u00faltimos meses, desde informa\u00e7\u00f5es da cadeia de suprimentos at\u00e9 an\u00e1lises de especialistas.<\/p>\n<p>            &#13;<br \/>\n                    &#13;<br \/>\n                        &#13;<br \/>\n                        &#13;<br \/>\n                        &#13;<br \/>\n                        &#13;<br \/>\n                        <img decoding=\"async\" loading=\"lazy\" width=\"330\" height=\"164\" src=\"https:\/\/www.europesays.com\/pt\/wp-content\/uploads\/2026\/05\/iphone-20-render-2.jpg\"  alt=\"iPhone 20\" title=\"iPhone 20\"\/>&#13;<br \/>\n                    iPhone 20&#13;<\/p>\n<p>As renderiza\u00e7\u00f5es sugerem que o iPhone 20 ter\u00e1 uma tela curva qu\u00e1drupla com praticamente nenhuma borda. Esse display, por sinal, <a class=\"tg-link-manual\" href=\"https:\/\/www.oficinadanet.com.br\/noticias\/69141-samsung-desenvolve-tela-curva-para-novo-iphone-poderoso-da-apple\" rel=\"nofollow noopener\" target=\"_blank\">seria desenvolvido pela Samsung<\/a>. Al\u00e9m disso, o modelo pode eliminar a <a class=\"lib tg-lib\" href=\"https:\/\/www.oficinadanet.com.br\/apple\/42356-tudo-sobre-dynamic-island\" rel=\"nofollow noopener\" target=\"_blank\">Dynamic Island<\/a>, com a c\u00e2mera frontal e <a href=\"https:\/\/www.oficinadanet.com.br\/onresponde\/64424-o-que-e-face-id-iphone\" class=\"lib tg-lib\" rel=\"nofollow  noopener\" target=\"_blank\">Face ID<\/a> ficando posicionados abaixo da tela.<\/p>\n<p>A Apple tamb\u00e9m pode remover os tradicionais bot\u00f5es f\u00edsicos de volume e liga\/desliga, adotando um sistema de controles sens\u00edveis ao toque com feedback t\u00e1til.<\/p>\n<p>Quanto ao hardware, espera-se que o iPhone 20 utilize o <strong>chip A21<\/strong> de 2 nm, c\u00e2mera principal de <strong>200 MP<\/strong> com tecnologia <a class=\"lib tg-lib\" href=\"https:\/\/www.oficinadanet.com.br\/post\/16588-o-que-e-hdr-para-tvs\" rel=\"nofollow noopener\" target=\"_blank\">HDR<\/a> aprimorada e, por fim, uma <strong>bateria de sil\u00edcio-carbono<\/strong>, que permite uma capacidade maior sem aumentar as dimens\u00f5es do aparelho.<\/p>\n<p>Quando ser\u00e1 lan\u00e7ado?<\/p>\n<p>O suposto iPhone 20 ainda est\u00e1 longe de ser lan\u00e7ado, j\u00e1 que a Apple deve apresentar primeiro o iPhone 18 este ano. Naturalmente, o modelo de 2027 seria o iPhone 19, mas a empresa pode ir direto para o 20.<\/p>\n<p>Vale lembrar que a gigante de Cupertino j\u00e1 fez algo semelhante. Em 2017, para comemorar os 10 anos do modelo, ela pulou do iPhone 9 para o iPhone X. Ent\u00e3o, se isso realmente acontecer, n\u00e3o seria uma estrat\u00e9gia in\u00e9dita.<\/p>\n<p><a href=\"https:\/\/www.gizmochina.com\/2026\/05\/24\/iphone-20-renders-bezel-less-curved-design-leak\/\" class=\"tg-link-manual\" rel=\"nofollow  noopener\" target=\"_blank\">Via<\/a><\/p>\n","protected":false},"excerpt":{"rendered":"Em abril, surgiram informa\u00e7\u00f5es de que a Apple estaria desenvolvendo um iPhone com tela qu\u00e1drupla curva para comemorar&hellip;\n","protected":false},"author":2,"featured_media":394244,"comment_status":"","ping_status":"","sticky":false,"template":"","format":"standard","meta":{"footnotes":"","_share_on_mastodon":"0"},"categories":[84],"tags":[247,109,107,108,249,65393,13,32,33,105,103,104,954,106,110],"class_list":["post-394243","post","type-post","status-publish","format-standard","has-post-thumbnail","category-ciencia-e-tecnologia","tag-apple","tag-ciencia","tag-ciencia-e-tecnologia","tag-cienciaetecnologia","tag-iphone","tag-iphone-20","tag-noticias","tag-portugal","tag-pt","tag-science","tag-science-and-technology","tag-scienceandtechnology","tag-smartphones","tag-technology","tag-tecnologia"],"share_on_mastodon":{"url":"https:\/\/pubeurope.com\/@pt\/116635251133399863","error":""},"_links":{"self":[{"href":"https:\/\/www.europesays.com\/pt\/wp-json\/wp\/v2\/posts\/394243","targetHints":{"allow":["GET"]}}],"collection":[{"href":"https:\/\/www.europesays.com\/pt\/wp-json\/wp\/v2\/posts"}],"about":[{"href":"https:\/\/www.europesays.com\/pt\/wp-json\/wp\/v2\/types\/post"}],"author":[{"embeddable":true,"href":"https:\/\/www.europesays.com\/pt\/wp-json\/wp\/v2\/users\/2"}],"replies":[{"embeddable":true,"href":"https:\/\/www.europesays.com\/pt\/wp-json\/wp\/v2\/comments?post=394243"}],"version-history":[{"count":0,"href":"https:\/\/www.europesays.com\/pt\/wp-json\/wp\/v2\/posts\/394243\/revisions"}],"wp:featuredmedia":[{"embeddable":true,"href":"https:\/\/www.europesays.com\/pt\/wp-json\/wp\/v2\/media\/394244"}],"wp:attachment":[{"href":"https:\/\/www.europesays.com\/pt\/wp-json\/wp\/v2\/media?parent=394243"}],"wp:term":[{"taxonomy":"category","embeddable":true,"href":"https:\/\/www.europesays.com\/pt\/wp-json\/wp\/v2\/categories?post=394243"},{"taxonomy":"post_tag","embeddable":true,"href":"https:\/\/www.europesays.com\/pt\/wp-json\/wp\/v2\/tags?post=394243"}],"curies":[{"name":"wp","href":"https:\/\/api.w.org\/{rel}","templated":true}]}}