{"id":394483,"date":"2026-05-25T15:43:29","date_gmt":"2026-05-25T15:43:29","guid":{"rendered":"https:\/\/www.europesays.com\/pt\/394483\/"},"modified":"2026-05-25T15:43:29","modified_gmt":"2026-05-25T15:43:29","slug":"incentea-de-leiria-com-368-trabalhadores-compra-kaizen-tech-com-amorim-dentro-tecnologias","status":"publish","type":"post","link":"https:\/\/www.europesays.com\/pt\/394483\/","title":{"rendered":"InCentea de Leiria com 368 trabalhadores compra Kaizen Tech com Amorim dentro &#8211; Tecnologias"},"content":{"rendered":"<p class=\"\">&#13;<br \/>\n        Nascida em 1987 de um \u201cspin off\u201d da F\u00e1brica Leiriense de Pl\u00e1sticos, a tecnol\u00f3gica Leirisic, desde logo focada em sistemas de informa\u00e7\u00e3o e gest\u00e3o empresarial, viria no ano 2000 a ser alvo de um MBO liderado por Ant\u00f3nio Po\u00e7as, que ainda se mant\u00e9m como presidente da empresa, que entretanto foi rebatizada de InCentea. &#13;\n    <\/p>\n<p class=\"\">&#13;<br \/>\n        Passados tr\u00eas anos, come\u00e7ou a crescer tamb\u00e9m por aquisi\u00e7\u00e3o, integrando outras empresas, tendo debutado na internacionaliza\u00e7\u00e3o em 2007. &#13;\n    <\/p>\n<p class=\"\">&#13;<br \/>\n        Atualmente com 368 trabalhadores, tr\u00eas quartos dos quais espalhados por Leiria, Lisboa, Porto e Braga, tendo tamb\u00e9m escrit\u00f3rios em Espanha (Madrid, Barcelona, Granada, Lugo e Almer\u00eda), Angola (Luanda), Mo\u00e7ambique (Maputo), Cabo Verde (S\u00e3o Vicente, Sal e Santiago) e Brasil (Rio de Janeiro e Curitiba), fechou o exerc\u00edcio de 2025 com uma fatura\u00e7\u00e3o de 24 milh\u00f5es de euros, mais 5,4% do que no ano anterior.&#13;\n    <\/p>\n<p class=\"\">&#13;<br \/>\n        Entretanto, meia d\u00fazia de meses depois de ter adquirido o &#8220;bra\u00e7o&#8221; angolano da bracarense F3M, tendo em fevereiro passado ido \u00e0 Galiza adquirir a Dragomar, a InCentea acaba de comprar a maioria do capital da Kaizen Tech.&#13;\n    <\/p>\n<p class=\"\">&#13;<br \/>\n        \u201cA InCentea passou a integrar o capital da Kaizen Tech, empresa especializada na implementa\u00e7\u00e3o de metodologias de melhoria cont\u00ednua e reengenharia de processos, numa opera\u00e7\u00e3o que refor\u00e7a a sua estrat\u00e9gia de crescimento e diversifica\u00e7\u00e3o atrav\u00e9s de investimento em \u00e1reas com elevado potencial na competitividade das organiza\u00e7\u00f5es\u201d, anuncia, esta segunda-feira, 25 de maio, em comunicado.&#13;\n    <\/p>\n<p class=\"\">&#13;<br \/>\n        Ao Expresso, Ant\u00f3nio Po\u00e7as detalhou que a InCentea adquiriu uma participa\u00e7\u00e3o de 51% da Kaizen Tech, que est\u00e1 sediada em Vila Nova de Gaia e emprega 21 profissionais.&#13;\n    <\/p>\n<p class=\"\">&#13;<br \/>\n        No \u00e2mbito desta opera\u00e7\u00e3o, Paulo Martins, administrador da InCentea Capital SGPS, assume fun\u00e7\u00f5es como CEO da Kaizen Tech.&#13;\n    <\/p>\n<p class=\"\">&#13;<br \/>\n        \u201cA integra\u00e7\u00e3o da Kaizen Tech no universo da InCentea representa um passo estrat\u00e9gico na consolida\u00e7\u00e3o da nossa oferta para a ind\u00fastria, potenciando compet\u00eancias complementares e criando condi\u00e7\u00f5es para uma expans\u00e3o sustentada, tanto no mercado ib\u00e9rico como em novos mercados internacionais\u201d, afirma Paulo Martins.&#13;\n    <\/p>\n<p class=\"\">&#13;<br \/>\n        \u201cCom presen\u00e7a consolidada em diferentes \u00e1reas tecnol\u00f3gicas e de servi\u00e7os, a InCentea tem vindo a afirmar-se atrav\u00e9s de uma estrat\u00e9gia de crescimento sustentado, atrav\u00e9s de uma pol\u00edtica de expans\u00e3o org\u00e2nica com aquisi\u00e7\u00f5es e participa\u00e7\u00f5es estrat\u00e9gicas\u201d, sendo que \u201ca entrada na Kaisen Tech enquadra-se nesta l\u00f3gica de crescimento inorg\u00e2nico, permitindo ao grupo alargar a sua atua\u00e7\u00e3o a um novo segmento centrado na otimiza\u00e7\u00e3o de processos\u201d, explica a empresa liderada por Po\u00e7as.&#13;\n    <\/p>\n<p class=\"\">&#13;<br \/>\n        O grupo Amorim e o Instituto Kaizen, acionistas fundadores da Kaizen Tech, \u201cmant\u00eam a sua posi\u00e7\u00e3o na empresa, refor\u00e7ando a confian\u00e7a na InCentea como parceiro estrat\u00e9gico para impulsionar o crescimento e consolidar a vis\u00e3o comum dos tr\u00eas principais acionistas\u201d, enfatiza o grupo leiriense. &#13;\n    <\/p>\n","protected":false},"excerpt":{"rendered":"&#13; Nascida em 1987 de um \u201cspin off\u201d da F\u00e1brica Leiriense de Pl\u00e1sticos, a tecnol\u00f3gica Leirisic, desde logo&hellip;\n","protected":false},"author":2,"featured_media":394484,"comment_status":"","ping_status":"","sticky":false,"template":"","format":"standard","meta":{"footnotes":"","_share_on_mastodon":"0"},"categories":[83],"tags":[41004,1730,88,3969,89,2384,90,5423,32,33],"class_list":["post-394483","post","type-post","status-publish","format-standard","has-post-thumbnail","category-empresas","tag-acionista","tag-atualizacao","tag-business","tag-compras","tag-economy","tag-empresa","tag-empresas","tag-leiria","tag-portugal","tag-pt"],"share_on_mastodon":{"url":"https:\/\/pubeurope.com\/@pt\/116635986145406358","error":""},"_links":{"self":[{"href":"https:\/\/www.europesays.com\/pt\/wp-json\/wp\/v2\/posts\/394483","targetHints":{"allow":["GET"]}}],"collection":[{"href":"https:\/\/www.europesays.com\/pt\/wp-json\/wp\/v2\/posts"}],"about":[{"href":"https:\/\/www.europesays.com\/pt\/wp-json\/wp\/v2\/types\/post"}],"author":[{"embeddable":true,"href":"https:\/\/www.europesays.com\/pt\/wp-json\/wp\/v2\/users\/2"}],"replies":[{"embeddable":true,"href":"https:\/\/www.europesays.com\/pt\/wp-json\/wp\/v2\/comments?post=394483"}],"version-history":[{"count":0,"href":"https:\/\/www.europesays.com\/pt\/wp-json\/wp\/v2\/posts\/394483\/revisions"}],"wp:featuredmedia":[{"embeddable":true,"href":"https:\/\/www.europesays.com\/pt\/wp-json\/wp\/v2\/media\/394484"}],"wp:attachment":[{"href":"https:\/\/www.europesays.com\/pt\/wp-json\/wp\/v2\/media?parent=394483"}],"wp:term":[{"taxonomy":"category","embeddable":true,"href":"https:\/\/www.europesays.com\/pt\/wp-json\/wp\/v2\/categories?post=394483"},{"taxonomy":"post_tag","embeddable":true,"href":"https:\/\/www.europesays.com\/pt\/wp-json\/wp\/v2\/tags?post=394483"}],"curies":[{"name":"wp","href":"https:\/\/api.w.org\/{rel}","templated":true}]}}