{"id":395146,"date":"2026-05-26T02:34:36","date_gmt":"2026-05-26T02:34:36","guid":{"rendered":"https:\/\/www.europesays.com\/pt\/395146\/"},"modified":"2026-05-26T02:34:36","modified_gmt":"2026-05-26T02:34:36","slug":"scarlett-johansson-o-que-ver-na-tv-e-no-streaming-terca-25-05-2026-ilustrada","status":"publish","type":"post","link":"https:\/\/www.europesays.com\/pt\/395146\/","title":{"rendered":"Scarlett Johansson: o que ver na TV e no streaming ter\u00e7a &#8211; 25\/05\/2026 &#8211; Ilustrada"},"content":{"rendered":"<p>Protagonizado por June Squibb, que vive uma espirituosa idosa de 94 anos, &#8221; <a href=\"https:\/\/www1.folha.uol.com.br\/ilustrada\/2026\/02\/scarlett-johansson-lanca-filme-e-diz-que-enfim-se-sente-confortavel-para-ser-diretora.shtml\" rel=\"nofollow noopener\" target=\"\">A Incr\u00edvel Eleanor<\/a>&#8221; marca a estreia de <a href=\"https:\/\/www1.folha.uol.com.br\/folha-topicos\/scarlett-johansson\/\" rel=\"nofollow noopener\" target=\"_blank\">Scarlett Johansson<\/a> na dire\u00e7\u00e3o. A produ\u00e7\u00e3o conta a hist\u00f3ria de Eleanor, que, depois de uma perda devastadora, se muda da Fl\u00f3rida para Nova York para viver com sua filha e seu neto. Em meio ao luto e \u00e0 dificuldade de adapta\u00e7\u00e3o, ela acaba participando de um grupo de apoio a sobreviventes do Holocausto. Com Erin Kellyman e Chiwetel Ejiofor.<\/p>\n<p><strong>Onde ver:<\/strong> Lojas digitais, 12 anos<\/p>\n<p>Provoca<\/p>\n<p><strong>Onde ver:<\/strong> TV Cultura, livre<\/p>\n<p>O ator <a href=\"https:\/\/www1.folha.uol.com.br\/folha-topicos\/gabriel-leone\/\" rel=\"nofollow noopener\" target=\"_blank\">Gabriel Leone<\/a>, que fez parte do <a href=\"https:\/\/www1.folha.uol.com.br\/ilustrada\/2026\/02\/gabriel-leone-em-hamlet-pop-enfrenta-os-fantasmas-de-um-cinema-abandonado.shtml\" rel=\"nofollow noopener\" target=\"\">espet\u00e1culo &#8220;Hamlet&#8221;<\/a>, em cartaz em S\u00e3o Paulo, fala de sua movimentada carreira, dividida entre <a href=\"https:\/\/www1.folha.uol.com.br\/folha-topicos\/cinema\/\" rel=\"nofollow noopener\" target=\"_blank\">cinema<\/a>, m\u00fasica, teatro e moda \u2013 ele foi recentemente escolhido pela Louis Vitton para ser representante da marca no Brasil.<\/p>\n<p>Mating Season<\/p>\n<p><strong>Onde ver:<\/strong> <a href=\"https:\/\/www1.folha.uol.com.br\/folha-topicos\/netflix\/\" rel=\"nofollow noopener\" target=\"_blank\">Netflix<\/a>, 16 anos<\/p>\n<p>Sexo, nudez, linguagem impr\u00f3pria, carnificina e tabagismo s\u00e3o s\u00f3 alguns dos temas abordados na anima\u00e7\u00e3o adulta sobre os relacionamentos amorosos do mundo animal. Dos mesmos criadores de &#8220;Big Mouth&#8221;, n\u00e3o faltam curiosidades sexuais e ousadia nesta s\u00e9rie sobre o acasalamento.<\/p>\n<p>Reinventando Cl\u00f4<\/p>\n<p><strong>Onde ver:<\/strong> Universal+, livre<\/p>\n<p>Os seis epis\u00f3dios do reality, apresentado por <a href=\"https:\/\/www1.folha.uol.com.br\/folha-topicos\/ana-hickmann\/\" rel=\"nofollow noopener\" target=\"_blank\">Ana Hickmann<\/a>, examinam as cria\u00e7\u00f5es, o legado e a vida do multifacetado<a href=\"https:\/\/www1.folha.uol.com.br\/ilustrada\/2017\/12\/1943660-biografia-de-clodovil-revela-profundez-do-personagem-mas-peca-em-apuracao.shtml\" rel=\"nofollow noopener\" target=\"\"> Clodovil Hernandes<\/a>, um dos nomes mais controversos da moda brasileira. Estilistas reinterpretam os looks ic\u00f4nicos de Clodovil, trazendo novas refer\u00eancias.<\/p>\n<p><strong>Onde ver:<\/strong> Prime Video, 12 anos<\/p>\n<p>Nora, Ginny e Mary \u2014pap\u00e9is de <a href=\"https:\/\/www1.folha.uol.com.br\/folha-topicos\/diane-keaton\/\" rel=\"nofollow noopener\" target=\"\">Diane Keaton<\/a>, Kathy Bates e Alfre Woodard\u2014 s\u00e3o melhores amigas de inf\u00e2ncia que costumavam passar os ver\u00f5es juntas em um acampamento. Depois de muitos anos sem se encontrar, elas repetem o encontro de ver\u00e3o.<\/p>\n<p>O Chamado da \u00c1gua<\/p>\n<p><strong>Onde ver:<\/strong> Filmelier, 16 anos<\/p>\n<p>Sarah e Antoine, um casal prestes a se separar, enfrentam um novo desafio quando seu filho mais velho come\u00e7a a ouvir vozes misteriosas vindas da \u00e1gua. \u00c0 medida que a tens\u00e3o aumenta, Antoine se esfor\u00e7a para entender a extens\u00e3o do problema, Sarah decide apoiar seu filho. A produ\u00e7\u00e3o francesa \u00e9 dirigida por \u00c9lise Otzenberger.<\/p>\n<p>Evereste<\/p>\n<p><strong>Onde ver:<\/strong> TV Globo, 15h25, 12 anos<\/p>\n<p>Josh Brolin, Jason Clarke, <a href=\"https:\/\/www1.folha.uol.com.br\/ilustrada\/2024\/06\/jake-gyllenhaal-vive-um-promotor-acusado-de-assassinato-em-estreia-na-tv.shtml\" rel=\"nofollow noopener\" target=\"\">Jake Gyllenhaal<\/a> e John Hawkes estrelam esta aventura de sobreviv\u00eancia baseada em fatos tr\u00e1gicos que aconteceram no dia 10 de maio de 1996. Dois grupos de alpinistas tentam escalar o monte Everest e enfrentam as condi\u00e7\u00f5es mais extremas imagin\u00e1veis.<\/p>\n","protected":false},"excerpt":{"rendered":"Protagonizado por June Squibb, que vive uma espirituosa idosa de 94 anos, &#8221; A Incr\u00edvel Eleanor&#8221; marca a&hellip;\n","protected":false},"author":2,"featured_media":395147,"comment_status":"","ping_status":"","sticky":false,"template":"","format":"standard","meta":{"footnotes":"","_share_on_mastodon":"0"},"categories":[145],"tags":[6500,211,210,470,114,115,236,32680,2595,716,32,33,6343,941,940,218,600],"class_list":["post-395146","post","type-post","status-publish","format-standard","has-post-thumbnail","category-celebridades","tag-ana-hickmann","tag-celebridades","tag-celebrities","tag-cinema","tag-entertainment","tag-entretenimento","tag-folha","tag-gabriel-leone","tag-hollywood","tag-netflix","tag-portugal","tag-pt","tag-scarlett-johansson","tag-series","tag-streaming","tag-televisao","tag-veja-video"],"share_on_mastodon":{"url":"https:\/\/pubeurope.com\/@pt\/116638545760221497","error":""},"_links":{"self":[{"href":"https:\/\/www.europesays.com\/pt\/wp-json\/wp\/v2\/posts\/395146","targetHints":{"allow":["GET"]}}],"collection":[{"href":"https:\/\/www.europesays.com\/pt\/wp-json\/wp\/v2\/posts"}],"about":[{"href":"https:\/\/www.europesays.com\/pt\/wp-json\/wp\/v2\/types\/post"}],"author":[{"embeddable":true,"href":"https:\/\/www.europesays.com\/pt\/wp-json\/wp\/v2\/users\/2"}],"replies":[{"embeddable":true,"href":"https:\/\/www.europesays.com\/pt\/wp-json\/wp\/v2\/comments?post=395146"}],"version-history":[{"count":0,"href":"https:\/\/www.europesays.com\/pt\/wp-json\/wp\/v2\/posts\/395146\/revisions"}],"wp:featuredmedia":[{"embeddable":true,"href":"https:\/\/www.europesays.com\/pt\/wp-json\/wp\/v2\/media\/395147"}],"wp:attachment":[{"href":"https:\/\/www.europesays.com\/pt\/wp-json\/wp\/v2\/media?parent=395146"}],"wp:term":[{"taxonomy":"category","embeddable":true,"href":"https:\/\/www.europesays.com\/pt\/wp-json\/wp\/v2\/categories?post=395146"},{"taxonomy":"post_tag","embeddable":true,"href":"https:\/\/www.europesays.com\/pt\/wp-json\/wp\/v2\/tags?post=395146"}],"curies":[{"name":"wp","href":"https:\/\/api.w.org\/{rel}","templated":true}]}}