{"id":39515,"date":"2025-08-22T00:10:08","date_gmt":"2025-08-22T00:10:08","guid":{"rendered":"https:\/\/www.europesays.com\/pt\/39515\/"},"modified":"2025-08-22T00:10:08","modified_gmt":"2025-08-22T00:10:08","slug":"rolou-fas-resgatam-video-polemico-de-virginia-em-meio-a-boatos-com-neymar-de-madrugada","status":"publish","type":"post","link":"https:\/\/www.europesays.com\/pt\/39515\/","title":{"rendered":"Rolou? F\u00e3s resgatam v\u00eddeo pol\u00eamico de Virginia em meio a boatos com Neymar: &#8216;De madrugada&#8217;"},"content":{"rendered":"<p>\n                        V\u00eddeo pol\u00eamico de Virginia falava sobre liga\u00e7\u00e3o de madrugada; veja o que rolou\n                    <\/p>\n<p class=\"text\">O jornalista<strong> Leo Dias<\/strong> revelou uma situa\u00e7\u00e3o que teria gerado tens\u00e3o entre casais famosos: a influenciadora <a href=\"https:\/\/www.terra.com.br\/tudo-sobre\/virginia-fonseca\" target=\"_self\" rel=\"nofollow noopener\">Virginia Fonseca<\/a> teria ligado para o jogador <strong>Neymar<\/strong> \u00e0s 2h da manh\u00e3 para tratar de assuntos profissionais, causando desconforto em <strong>Bruna Biancardi.<\/strong> A pol\u00eamica ganhou for\u00e7a quando um v\u00eddeo antigo de <strong>Virginia,<\/strong> datado de fevereiro, ressurgiu nas redes sociais de forma suspeita.<\/p>\n<p><img loading=\"lazy\" decoding=\"async\" alt=\"V\u00eddeo pol\u00eamico de Virginia falava sobre liga\u00e7\u00e3o de madrugada; veja o que rolou\" class=\"img-d69effeca2b8654e4d9f99c51ae630c503ijybio\" height=\"435\" src=\"https:\/\/www.europesays.com\/pt\/wp-content\/uploads\/2025\/08\/625934858-fas-resgatam-video-polemico-de-virginia-em-meio-a-boatos-com-neymar.jpg\"  title=\"V\u00eddeo pol\u00eamico de Virginia falava sobre liga\u00e7\u00e3o de madrugada; veja o que rolou\" width=\"774\"\/><\/p>\n<p>V\u00eddeo pol\u00eamico de Virginia falava sobre liga\u00e7\u00e3o de madrugada; veja o que rolou<\/p>\n<p>Foto: Mais Novela<\/p>\n<p class=\"text\">Na grava\u00e7\u00e3o, a influenciadora comentava sobre ter ligado para algu\u00e9m de madrugada para falar de trabalho e n\u00e3o ter obtido resposta. Segundo a vers\u00e3o divulgada por Leo Dias, <strong>Neymar<\/strong> teria hesitado em atender a liga\u00e7\u00e3o noturna, o que teria gerado conflito com sua esposa. &#8220;Quando eu chamo algu\u00e9m de madrugada pra falar de trabalho e a pessoa n\u00e3o responde&#8221;, diz a legenda da publica\u00e7\u00e3o.<\/p>\n<p>O confronto entre Bruna e Virginia<\/p>\n<p class=\"text\">De acordo com os relatos, <strong>Bruna Biancardi<\/strong> teria pegado o celular do marido e enviado uma mensagem direta para <strong>Virginia,<\/strong> questionando por que uma mulher casada estaria ligando para um homem casado em hor\u00e1rio t\u00e3o inadequado. Ap\u00f3s o confronto, a influenciadora teria se desculpado com o casal pelo mal-entendido.<\/p>\n<p>A &#8220;prova&#8221; do assessor<\/p>\n<p class=\"text\">O que deu ainda mais credibilidade ao rumor foi um coment\u00e1rio estrat\u00e9gico do assessor de <strong>Virginia, Hebert Gomes,<\/strong> no v\u00eddeo antigo. Ele escreveu &#8220;A liga\u00e7\u00e3o \u00e0s 2h da manh\u00e3&#8221;, conectando diretamente a publica\u00e7\u00e3o \u00e0 suposta liga\u00e7\u00e3o para <strong>Neymar,<\/strong> j\u00e1 que tanto a situa\u00e7\u00e3o quanto o hor\u00e1rio coincidiam perfeitamente.<\/p>\n<p class=\"text\">O v\u00eddeo original foi gravado quando Virginia ainda era casada com o cantor<strong> Z\u00e9 Felipe.<\/strong> O ex-casal, que se separou em maio, tem tr\u00eas filhos juntos: <strong>Maria Alice,<\/strong> de 4 anos, <strong>Maria<\/strong>\u00a0<strong>Flor,<\/strong> de 2, e <strong>Jos\u00e9 Leonardo,<\/strong> de 11 meses.<\/p>\n<blockquote class=\"instagram-media\" data-instgrm-captioned=\"\" data-instgrm-permalink=\"https:\/\/www.instagram.com\/reel\/DNoQ_QeJG34\/?utm_source=ig_embed&amp;utm_campaign=loading\" data-instgrm-version=\"14\" style=\"background: #FFF; border: 0; border-radius: 3px; box-shadow: 0 0 1px 0 rgba(0,0,0,0.5),0 1px 10px 0 rgba(0,0,0,0.15); margin: 1px; max-width: 540px; min-width: 326px; padding: 0; width: calc(100% - 2px);\">\n<p>     View this post on Instagram <\/p>\n<p class=\"text\" style=\"color: #c9c8cd; font-family: Arial,sans-serif; font-size: 14px; line-height: 17px; margin-bottom: 0; margin-top: 8px; overflow: hidden; padding: 8px 0 7px; text-align: center; text-overflow: ellipsis; white-space: nowrap;\"><a href=\"https:\/\/www.instagram.com\/reel\/DNoQ_QeJG34\/?utm_source=ig_embed&amp;utm_campaign=loading\" rel=\"noopener nofollow\" style=\"color: #c9c8cd; font-family: Arial,sans-serif; font-size: 14px; font-style: normal; font-weight: normal; line-height: 17px; text-decoration: none;\" target=\"_blank\">A post shared by GOSSIP DO DIA (@gossipdodia)<\/a><\/p>\n<\/blockquote>\n<p>                            <script async src=\"\/\/www.instagram.com\/embed.js\"><\/script><\/p>\n","protected":false},"excerpt":{"rendered":"V\u00eddeo pol\u00eamico de Virginia falava sobre liga\u00e7\u00e3o de madrugada; veja o que rolou O jornalista Leo Dias revelou&hellip;\n","protected":false},"author":2,"featured_media":39516,"comment_status":"","ping_status":"","sticky":false,"template":"","format":"standard","meta":{"footnotes":""},"categories":[145],"tags":[211,210,114,115,32,33],"class_list":{"0":"post-39515","1":"post","2":"type-post","3":"status-publish","4":"format-standard","5":"has-post-thumbnail","7":"category-celebridades","8":"tag-celebridades","9":"tag-celebrities","10":"tag-entertainment","11":"tag-entretenimento","12":"tag-portugal","13":"tag-pt"},"share_on_mastodon":{"url":"","error":""},"_links":{"self":[{"href":"https:\/\/www.europesays.com\/pt\/wp-json\/wp\/v2\/posts\/39515","targetHints":{"allow":["GET"]}}],"collection":[{"href":"https:\/\/www.europesays.com\/pt\/wp-json\/wp\/v2\/posts"}],"about":[{"href":"https:\/\/www.europesays.com\/pt\/wp-json\/wp\/v2\/types\/post"}],"author":[{"embeddable":true,"href":"https:\/\/www.europesays.com\/pt\/wp-json\/wp\/v2\/users\/2"}],"replies":[{"embeddable":true,"href":"https:\/\/www.europesays.com\/pt\/wp-json\/wp\/v2\/comments?post=39515"}],"version-history":[{"count":0,"href":"https:\/\/www.europesays.com\/pt\/wp-json\/wp\/v2\/posts\/39515\/revisions"}],"wp:featuredmedia":[{"embeddable":true,"href":"https:\/\/www.europesays.com\/pt\/wp-json\/wp\/v2\/media\/39516"}],"wp:attachment":[{"href":"https:\/\/www.europesays.com\/pt\/wp-json\/wp\/v2\/media?parent=39515"}],"wp:term":[{"taxonomy":"category","embeddable":true,"href":"https:\/\/www.europesays.com\/pt\/wp-json\/wp\/v2\/categories?post=39515"},{"taxonomy":"post_tag","embeddable":true,"href":"https:\/\/www.europesays.com\/pt\/wp-json\/wp\/v2\/tags?post=39515"}],"curies":[{"name":"wp","href":"https:\/\/api.w.org\/{rel}","templated":true}]}}