{"id":39521,"date":"2025-08-22T00:15:09","date_gmt":"2025-08-22T00:15:09","guid":{"rendered":"https:\/\/www.europesays.com\/pt\/39521\/"},"modified":"2025-08-22T00:15:09","modified_gmt":"2025-08-22T00:15:09","slug":"animacao-de-cannes-ganha-trailer-e-data","status":"publish","type":"post","link":"https:\/\/www.europesays.com\/pt\/39521\/","title":{"rendered":"Anima\u00e7\u00e3o de Cannes ganha trailer e data"},"content":{"rendered":"<p><strong>Arco<\/strong>,\u00a0nova anima\u00e7\u00e3o do est\u00fadio\u00a0<strong>Neon<\/strong>\u00a0dirigido por <strong>Ugo Bienvenu<\/strong> a partir de roteiro de <strong>F\u00e9lix de Givry<\/strong>, acaba de ganhar seu primeiro trailer. Assista acima.<\/p>\n<p>Leia a sinopse oficial: &#8220;Uma jornada m\u00e1gica e lindamente animada pelo tempo, Arco \u00e9 uma aventura deslumbrante sobre um menino de 10 anos, de um futuro distante e pac\u00edfico, que acidentalmente viaja de volta ao ano 2075 e descobre um mundo em perigo. \u00c0 medida que Arco desenvolve uma amizade encantadora e tocante com uma jovem chamada Iris, eles se unem e, junto com sua confi\u00e1vel cuidadora rob\u00f4 Mikki, partem em uma jornada para trazer Arco de volta para casa, enquanto as duas crian\u00e7as tamb\u00e9m podem ser as \u00fanicas que podem salvar nosso planeta. Uma odisseia maravilhosa repleta de esperan\u00e7a e otimismo para o nosso futuro, Arco \u00e9 uma f\u00e1bula encantadora do cineasta revela\u00e7\u00e3o Ugo Bienvenu, produzida por Bienvenu e Felix de Givry, da Remembers, e Natalie Portman e Sophie Mas, da mountainA&#8221;.<\/p>\n<p>O elenco conta com <strong>Alma Jodorowsky<\/strong>, <strong>Swann Arlaud<\/strong>, <strong>Vincent Macaigne<\/strong>, <strong>Louis Garrel<\/strong>, <strong>Oxmo Puccino<\/strong>, <strong>William Lebghil<\/strong>, <strong>Margot Ringard Oldra<\/strong> e <strong>Oscar Tresanini<\/strong>.<\/p>\n<p>O filme foi exibido no\u00a0<strong>Festival de Cannes\u00a0<\/strong>deste ano, e chega a cinemas selecionados em\u00a0<strong>14 de novembro<\/strong>. No Brasil, n\u00e3o h\u00e1 previs\u00e3o para\u00a0Arco\u00a0estrear.<\/p>\n","protected":false},"excerpt":{"rendered":"Arco,\u00a0nova anima\u00e7\u00e3o do est\u00fadio\u00a0Neon\u00a0dirigido por Ugo Bienvenu a partir de roteiro de F\u00e9lix de Givry, acaba de ganhar&hellip;\n","protected":false},"author":2,"featured_media":39522,"comment_status":"","ping_status":"","sticky":false,"template":"","format":"standard","meta":{"footnotes":""},"categories":[140],"tags":[114,115,147,148,146,32,33],"class_list":{"0":"post-39521","1":"post","2":"type-post","3":"status-publish","4":"format-standard","5":"has-post-thumbnail","7":"category-filmes","8":"tag-entertainment","9":"tag-entretenimento","10":"tag-film","11":"tag-filmes","12":"tag-movies","13":"tag-portugal","14":"tag-pt"},"share_on_mastodon":{"url":"","error":""},"_links":{"self":[{"href":"https:\/\/www.europesays.com\/pt\/wp-json\/wp\/v2\/posts\/39521","targetHints":{"allow":["GET"]}}],"collection":[{"href":"https:\/\/www.europesays.com\/pt\/wp-json\/wp\/v2\/posts"}],"about":[{"href":"https:\/\/www.europesays.com\/pt\/wp-json\/wp\/v2\/types\/post"}],"author":[{"embeddable":true,"href":"https:\/\/www.europesays.com\/pt\/wp-json\/wp\/v2\/users\/2"}],"replies":[{"embeddable":true,"href":"https:\/\/www.europesays.com\/pt\/wp-json\/wp\/v2\/comments?post=39521"}],"version-history":[{"count":0,"href":"https:\/\/www.europesays.com\/pt\/wp-json\/wp\/v2\/posts\/39521\/revisions"}],"wp:featuredmedia":[{"embeddable":true,"href":"https:\/\/www.europesays.com\/pt\/wp-json\/wp\/v2\/media\/39522"}],"wp:attachment":[{"href":"https:\/\/www.europesays.com\/pt\/wp-json\/wp\/v2\/media?parent=39521"}],"wp:term":[{"taxonomy":"category","embeddable":true,"href":"https:\/\/www.europesays.com\/pt\/wp-json\/wp\/v2\/categories?post=39521"},{"taxonomy":"post_tag","embeddable":true,"href":"https:\/\/www.europesays.com\/pt\/wp-json\/wp\/v2\/tags?post=39521"}],"curies":[{"name":"wp","href":"https:\/\/api.w.org\/{rel}","templated":true}]}}