{"id":39523,"date":"2025-08-22T00:16:12","date_gmt":"2025-08-22T00:16:12","guid":{"rendered":"https:\/\/www.europesays.com\/pt\/39523\/"},"modified":"2025-08-22T00:16:12","modified_gmt":"2025-08-22T00:16:12","slug":"video-benfica-trabalha-no-centro-de-treinos-do-besiktas-e-deixa-agradecimento","status":"publish","type":"post","link":"https:\/\/www.europesays.com\/pt\/39523\/","title":{"rendered":"V\u00cdDEO: Benfica trabalha no centro de treinos do Besiktas e deixa agradecimento"},"content":{"rendered":"<p>O plantel do Benfica treinou no Centro de Treinos Nevzat Demir, afeto ao Besiktas, na manh\u00e3 desta quinta-feira. A equipa principal de futebol ainda trabalhou na Turquia horas <strong><a href=\"https:\/\/maisfutebol.iol.pt\/champions\/liga-dos-campeoes\/champions-fenerbahce-benfica-0-0-cronica\" rel=\"nofollow noopener\" target=\"_blank\">depois de enfrentar o Fenerbah\u00e7e<\/a><\/strong>, clube da cidade de Istambul (que \u00e9 rival do Besiktas).<\/p>\n<p>Segundo uma nota oficial do clube da Luz, apenas treinaram-se no relvado os suplentes do \u00faltimo encontro, tanto os utilizados como aqueles que n\u00e3o sa\u00edram do banco.<\/p>\n<p>Os restantes atletas realizaram trabalho de recupera\u00e7\u00e3o ativa no gin\u00e1sio e regressam para Portugal ao final da tarde. T\u00eam nova sess\u00e3o de treino marcada para esta sexta-feira, a \u00fanica de prepara\u00e7\u00e3o para o pr\u00f3ximo duelo.<\/p>\n<p>O clube partilhou um v\u00eddeo da sess\u00e3o de trabalho, juntamente com alguns momentos descontra\u00eddos. Ant\u00f3nio Silva ficou com uma &#8216;recorda\u00e7\u00e3o&#8217; de Jo\u00e3o M\u00e1rio, antigo colega no Benfica, e o clube ainda deixou uma mensagem de agradecimento dirigida ao Besiktas. Com quatro destinat\u00e1rios especiais &#8211; Rafa Silva, Orkun K\u00f6k\u00e7\u00fc, David Jurasek e o j\u00e1 referido Jo\u00e3o M\u00e1rio.<\/p>\n<p><strong>Veja o v\u00eddeo:<\/strong><\/p>\n<p>Ao deparar-se com a mensagem escrita, o Besiktas respondeu de forma curiosa: \u00abAqui \u00e9 um ninho de \u00e1guias! Obrigado\u00bb.<\/p>\n<p><img loading=\"lazy\" decoding=\"async\" alt=\"\" height=\"1100\" src=\"https:\/\/www.europesays.com\/pt\/wp-content\/uploads\/2025\/08\/68a75e7ed34ef72ee449ac0d.webp\" width=\"825\"\/>\u00a0<\/p>\n<p>O Benfica recebe o Tondela pelas 20h30 de s\u00e1bado, no Est\u00e1dio da Luz, em Lisboa, em jogo da terceira jornada da Liga portuguesa. Veja as fotos do treino de hoje partilhadas pelo Benfica, na <a href=\"https:\/\/maisfutebol.iol.pt\/champions\/liga-dos-campeoes\/champions-fenerbahce-benfica-0-0-cronica\" rel=\"nofollow noopener\" target=\"_blank\"><strong>GALERIA <\/strong><\/a>acima.<\/p>\n","protected":false},"excerpt":{"rendered":"O plantel do Benfica treinou no Centro de Treinos Nevzat Demir, afeto ao Besiktas, na manh\u00e3 desta quinta-feira.&hellip;\n","protected":false},"author":2,"featured_media":39524,"comment_status":"","ping_status":"","sticky":false,"template":"","format":"standard","meta":{"footnotes":""},"categories":[87],"tags":[51,12101,437,135,3002,36,46,32,33,47,134,8136],"class_list":{"0":"post-39523","1":"post","2":"type-post","3":"status-publish","4":"format-standard","5":"has-post-thumbnail","7":"category-desporto","8":"tag-benfica","9":"tag-benfica-campus","10":"tag-besiktas","11":"tag-desporto","12":"tag-galeria","13":"tag-liga","14":"tag-maisfutebol","15":"tag-portugal","16":"tag-pt","17":"tag-pura-paixao","18":"tag-sports","19":"tag-tondela"},"share_on_mastodon":{"url":"","error":""},"_links":{"self":[{"href":"https:\/\/www.europesays.com\/pt\/wp-json\/wp\/v2\/posts\/39523","targetHints":{"allow":["GET"]}}],"collection":[{"href":"https:\/\/www.europesays.com\/pt\/wp-json\/wp\/v2\/posts"}],"about":[{"href":"https:\/\/www.europesays.com\/pt\/wp-json\/wp\/v2\/types\/post"}],"author":[{"embeddable":true,"href":"https:\/\/www.europesays.com\/pt\/wp-json\/wp\/v2\/users\/2"}],"replies":[{"embeddable":true,"href":"https:\/\/www.europesays.com\/pt\/wp-json\/wp\/v2\/comments?post=39523"}],"version-history":[{"count":0,"href":"https:\/\/www.europesays.com\/pt\/wp-json\/wp\/v2\/posts\/39523\/revisions"}],"wp:featuredmedia":[{"embeddable":true,"href":"https:\/\/www.europesays.com\/pt\/wp-json\/wp\/v2\/media\/39524"}],"wp:attachment":[{"href":"https:\/\/www.europesays.com\/pt\/wp-json\/wp\/v2\/media?parent=39523"}],"wp:term":[{"taxonomy":"category","embeddable":true,"href":"https:\/\/www.europesays.com\/pt\/wp-json\/wp\/v2\/categories?post=39523"},{"taxonomy":"post_tag","embeddable":true,"href":"https:\/\/www.europesays.com\/pt\/wp-json\/wp\/v2\/tags?post=39523"}],"curies":[{"name":"wp","href":"https:\/\/api.w.org\/{rel}","templated":true}]}}