{"id":39525,"date":"2025-08-22T00:17:20","date_gmt":"2025-08-22T00:17:20","guid":{"rendered":"https:\/\/www.europesays.com\/pt\/39525\/"},"modified":"2025-08-22T00:17:20","modified_gmt":"2025-08-22T00:17:20","slug":"conheca-os-riscos-da-tendencia","status":"publish","type":"post","link":"https:\/\/www.europesays.com\/pt\/39525\/","title":{"rendered":"conhe\u00e7a os riscos da tend\u00eancia"},"content":{"rendered":"<p>Uma nova tend\u00eancia est\u00e1 viralizando nas<a href=\"https:\/\/www.bonsfluidos.com.br\/saude\/redes-sociais-afetam-mais-a-saude-mental-de-meninas-entenda.phtml\" rel=\"nofollow noopener\" target=\"_blank\"> redes sociais<\/a>, principalmente entre os jovens: as tatuagens de queimadura solar. A moda, que consiste em aplicar adesivos ou filtros sobre a pele e deix\u00e1-la queimar ap\u00f3s longos per\u00edodos de exposi\u00e7\u00e3o ao sol, tem chamado a aten\u00e7\u00e3o de dermatologistas. Eles apontam que essas les\u00f5es podem ocasionar desde inc\u00f4modos tempor\u00e1rios at\u00e9 danos severos \u00e0 sa\u00fade.<\/p>\n<p>\u201cN\u00e3o importa o qu\u00e3o criativo ou inofensivo possa parecer, qualquer queimadura de sol \u00e9 uma ferida da epiderme. Essa tend\u00eancia ainda envolve danos deliberados \u00e0 <a href=\"https:\/\/www.bonsfluidos.com.br\/beleza\/dermatologista-ensina-cuidados-essenciais-com-a-pele-que-nunca-saem-de-moda.phtml\" rel=\"nofollow noopener\" target=\"_blank\">pele<\/a> causados \u200b\u200bpela radia\u00e7\u00e3o<strong> UV,<\/strong> o que, com o tempo, pode aumentar o risco de consequ\u00eancias imediatas e de longo prazo\u201d, explicou o m\u00e9dico <strong>Anthony Rossi,<\/strong> em entrevista \u00e0 \u2018<strong>Fox News\u2019.<\/strong><\/p>\n<p> Quais s\u00e3o os perigos das tatuagens de sol? <\/p>\n<p>De acordo com os especialistas, sem a prote\u00e7\u00e3o dos <a href=\"https:\/\/www.bonsfluidos.com.br\/inspiracao\/adolescente-cria-protetor-apos-perder-o-pai-para-o-cancer-de-pele.phtml\" rel=\"nofollow noopener\" target=\"_blank\">cremes<\/a> solares, a radia\u00e7\u00e3o ultravioleta impacta diretamente as c\u00e9lulas da pele, danificando o <strong>DNA<\/strong> e potencializando o envelhecimento. Al\u00e9m disso, como consequ\u00eancia, a exposi\u00e7\u00e3o deixa feridas, que intensificam o crescimento celular descontrolado e aumentam os riscos de desenvolver diferentes tipos de c\u00e2ncer.<\/p>\n<p>Por isso, h\u00e1 a possibilidade da pr\u00e1tica resultar no diagn\u00f3stico de melanoma, a doen\u00e7a oncol\u00f3gica da epiderme com o maior \u00edndice de mortalidade. \u201cTer cinco ou mais queimaduras solares com bolhas entre os 15 e os 20 anos pode elevar as chances de <a href=\"https:\/\/www.bonsfluidos.com.br\/saude\/cancer-de-pele-como-identificar-os-primeiros-sinais-oncologistas-respondem.phtml\" rel=\"nofollow noopener\" target=\"_blank\">melanoma<\/a> em 80%\u201d, apontou a profissional <strong>Sara Moghaddam<\/strong>, ao <strong>\u2018La Naci\u00f3n\u2019.\u00a0<\/strong><\/p>\n<p>Al\u00e9m disso, Rossi pontua que as amea\u00e7as da tatuagens solares assemelham-se aos danos causados pelo bronzeamento com \u00f3leo de <a href=\"https:\/\/www.bonsfluidos.com.br\/gravidez\/revolucionario-bebe-nasce-de-embriao-congelado-em-1994.phtml\" rel=\"nofollow noopener\" target=\"_blank\">beb\u00ea<\/a> e iodo. Esses m\u00e9todos eram populares entre os adolescentes h\u00e1 algumas d\u00e9cadas. \u201cAos 30 ou 40 anos, muitos deles j\u00e1 apresentam les\u00f5es pr\u00e9-cancerosas ou c\u00e2nceres de pele de fato. Isso pode levar a diversas cirurgias, cicatrizes e melanomas\u201d, afirmou.<\/p>\n<p>Por isso, a recomenda\u00e7\u00e3o dos dermatologistas \u00e9 tomar banho de <a href=\"https:\/\/www.bonsfluidos.com.br\/bem-estar\/qual-a-melhor-hora-para-tomar-sol-entenda-os-beneficios-da-luz-natural-para-a-saude.phtml\" rel=\"nofollow noopener\" target=\"_blank\">sol<\/a> somente ap\u00f3s passar o filtro corretamente. Segundo a <strong>Food and Drug Administration, <\/strong>para manter-se protegido, voc\u00ea deve aplic\u00e1-lo 30 minutos antes e reaplic\u00e1-lo a cada duas horas.<\/p>\n<blockquote class=\"instagram-media\" style=\"background: #FFF; border: 0; border-radius: 3px; box-shadow: 0 0 1px 0 rgba(0,0,0,0.5),0 1px 10px 0 rgba(0,0,0,0.15); margin: 1px; max-width: 540px; min-width: 326px; padding: 0; width: calc(100% - 2px);\" data-instgrm-captioned=\"\" data-instgrm-permalink=\"https:\/\/www.instagram.com\/reel\/DNG1vMNxTo3\/?utm_source=ig_embed&amp;utm_campaign=loading\" data-instgrm-version=\"14\"><\/blockquote>\n<p>\t\t\t\t\t\t\t\t\t\t\t\t<script async src=\"\/\/www.instagram.com\/embed.js\"><\/script><\/p>\n","protected":false},"excerpt":{"rendered":"Uma nova tend\u00eancia est\u00e1 viralizando nas redes sociais, principalmente entre os jovens: as tatuagens de queimadura solar. A&hellip;\n","protected":false},"author":2,"featured_media":39526,"comment_status":"","ping_status":"","sticky":false,"template":"","format":"standard","meta":{"footnotes":""},"categories":[86],"tags":[3888,12102,116,32,12103,33,3311,12104,12105,117,2836,12106],"class_list":{"0":"post-39525","1":"post","2":"type-post","3":"status-publish","4":"format-standard","5":"has-post-thumbnail","7":"category-saude","8":"tag-cancer-de-pele","9":"tag-dermatologista","10":"tag-health","11":"tag-portugal","12":"tag-protetor","13":"tag-pt","14":"tag-queimaduras","15":"tag-radiacao-uv","16":"tag-raios-solares","17":"tag-saude","18":"tag-sol","19":"tag-tatuagens"},"share_on_mastodon":{"url":"","error":""},"_links":{"self":[{"href":"https:\/\/www.europesays.com\/pt\/wp-json\/wp\/v2\/posts\/39525","targetHints":{"allow":["GET"]}}],"collection":[{"href":"https:\/\/www.europesays.com\/pt\/wp-json\/wp\/v2\/posts"}],"about":[{"href":"https:\/\/www.europesays.com\/pt\/wp-json\/wp\/v2\/types\/post"}],"author":[{"embeddable":true,"href":"https:\/\/www.europesays.com\/pt\/wp-json\/wp\/v2\/users\/2"}],"replies":[{"embeddable":true,"href":"https:\/\/www.europesays.com\/pt\/wp-json\/wp\/v2\/comments?post=39525"}],"version-history":[{"count":0,"href":"https:\/\/www.europesays.com\/pt\/wp-json\/wp\/v2\/posts\/39525\/revisions"}],"wp:featuredmedia":[{"embeddable":true,"href":"https:\/\/www.europesays.com\/pt\/wp-json\/wp\/v2\/media\/39526"}],"wp:attachment":[{"href":"https:\/\/www.europesays.com\/pt\/wp-json\/wp\/v2\/media?parent=39525"}],"wp:term":[{"taxonomy":"category","embeddable":true,"href":"https:\/\/www.europesays.com\/pt\/wp-json\/wp\/v2\/categories?post=39525"},{"taxonomy":"post_tag","embeddable":true,"href":"https:\/\/www.europesays.com\/pt\/wp-json\/wp\/v2\/tags?post=39525"}],"curies":[{"name":"wp","href":"https:\/\/api.w.org\/{rel}","templated":true}]}}