{"id":39533,"date":"2025-08-22T00:24:10","date_gmt":"2025-08-22T00:24:10","guid":{"rendered":"https:\/\/www.europesays.com\/pt\/39533\/"},"modified":"2025-08-22T00:24:10","modified_gmt":"2025-08-22T00:24:10","slug":"quem-vai-ser-a-rainha-de-bateria-da-unidos-da-tijuca","status":"publish","type":"post","link":"https:\/\/www.europesays.com\/pt\/39533\/","title":{"rendered":"quem vai ser a rainha de bateria da Unidos da Tijuca"},"content":{"rendered":"<p class=\"bullet mt-0\" data-v-232111b4=\"\">Mileide Mihaile, 36, foi anunciada como a nova rainha de bateria da Unidos da Tijuca para o Carnaval 2026. Ela substitui Lexa, que deixou o posto.<\/p>\n<p>O que aconteceu<\/p>\n<p class=\"bullet\" data-v-232111b4=\"\"><strong>O an\u00fancio foi feito nas redes sociais da escola na tarde de hoje.<\/strong> &#8220;Chega ao fim o mist\u00e9rio da coroa! Desde o \u00faltimo desfile, criou-se um cen\u00e1rio de grande ansiedade entre nossos componentes, torcedores e o mundo do samba, quanto ao nome que debutaria a frente de nossa bateria no pr\u00f3ximo carnaval&#8221;, inicia a publica\u00e7\u00e3o.<\/p>\n<p class=\"bullet\" data-v-232111b4=\"\">A partir desta data, nossa comunidade pode oficialmente celebrar a chegada de sua majestade: a influenciadora e empres\u00e1ria Mileide Mihaile, figura j\u00e1 querida no meio carnavalesco, se veste de amarelo ouro e azul pav\u00e3o para reinar a frente da Bateria Pura Cad\u00eancia!<\/p>\n","protected":false},"excerpt":{"rendered":"Mileide Mihaile, 36, foi anunciada como a nova rainha de bateria da Unidos da Tijuca para o Carnaval&hellip;\n","protected":false},"author":2,"featured_media":39534,"comment_status":"","ping_status":"","sticky":false,"template":"","format":"standard","meta":{"footnotes":""},"categories":[145],"tags":[211,210,114,115,32,33],"class_list":{"0":"post-39533","1":"post","2":"type-post","3":"status-publish","4":"format-standard","5":"has-post-thumbnail","7":"category-celebridades","8":"tag-celebridades","9":"tag-celebrities","10":"tag-entertainment","11":"tag-entretenimento","12":"tag-portugal","13":"tag-pt"},"share_on_mastodon":{"url":"","error":""},"_links":{"self":[{"href":"https:\/\/www.europesays.com\/pt\/wp-json\/wp\/v2\/posts\/39533","targetHints":{"allow":["GET"]}}],"collection":[{"href":"https:\/\/www.europesays.com\/pt\/wp-json\/wp\/v2\/posts"}],"about":[{"href":"https:\/\/www.europesays.com\/pt\/wp-json\/wp\/v2\/types\/post"}],"author":[{"embeddable":true,"href":"https:\/\/www.europesays.com\/pt\/wp-json\/wp\/v2\/users\/2"}],"replies":[{"embeddable":true,"href":"https:\/\/www.europesays.com\/pt\/wp-json\/wp\/v2\/comments?post=39533"}],"version-history":[{"count":0,"href":"https:\/\/www.europesays.com\/pt\/wp-json\/wp\/v2\/posts\/39533\/revisions"}],"wp:featuredmedia":[{"embeddable":true,"href":"https:\/\/www.europesays.com\/pt\/wp-json\/wp\/v2\/media\/39534"}],"wp:attachment":[{"href":"https:\/\/www.europesays.com\/pt\/wp-json\/wp\/v2\/media?parent=39533"}],"wp:term":[{"taxonomy":"category","embeddable":true,"href":"https:\/\/www.europesays.com\/pt\/wp-json\/wp\/v2\/categories?post=39533"},{"taxonomy":"post_tag","embeddable":true,"href":"https:\/\/www.europesays.com\/pt\/wp-json\/wp\/v2\/tags?post=39533"}],"curies":[{"name":"wp","href":"https:\/\/api.w.org\/{rel}","templated":true}]}}