{"id":39535,"date":"2025-08-22T00:27:08","date_gmt":"2025-08-22T00:27:08","guid":{"rendered":"https:\/\/www.europesays.com\/pt\/39535\/"},"modified":"2025-08-22T00:27:08","modified_gmt":"2025-08-22T00:27:08","slug":"vem-ai-a-fazenda-leonor-faz-revelacao-as-filhas-sobre-morte-de-bianca-novelas","status":"publish","type":"post","link":"https:\/\/www.europesays.com\/pt\/39535\/","title":{"rendered":"Vem a\u00ed \u00abA Fazenda\u00bb: Leonor faz revela\u00e7\u00e3o \u00e0s filhas sobre morte de Bianca &#8211; Novelas"},"content":{"rendered":"<p data-end=\"494\" data-start=\"132\">\u00a0Em \u00abA Fazenda\u00bb,<strong>\u00a0<a href=\"https:\/\/tvi.iol.pt\/novelas\/videos\/leonor-esta-fora-de-si-e-exige-a-alba-diz-me-onde-e-que-esta-a-eva-ou-eu-chamo-a-policia\/67d45e150cf216cd3ad3375c\" wbo-id=\"56\" rel=\"nofollow noopener\" target=\"_blank\">Leonor (Dalila Carmo)<\/a> <\/strong>garante \u00e0s filhas que <a href=\"http:\/\/miguel%20(diogo%20infante)\/\" target=\"_blank\" wbo-id=\"51\" rel=\"nofollow\"><strong data-end=\"189\" data-start=\"163\">Miguel (Diogo Infante)<\/strong><\/a>\u00a0n\u00e3o matou \u00a0<a href=\"https:\/\/tvi.iol.pt\/novelas\/ines-aires-pereira\/raquel-tillo\/ines-aires-pereira-e-raquel-tillo-anunciam-grande-novidade\" target=\"_blank\" wbo-id=\"52\" rel=\"nofollow noopener\"><strong data-end=\"234\" data-start=\"209\">Bianca (Raquel Tillo)<\/strong><\/a>, explicando que a queda da jovem da varanda foi um acidente. J\u00falia revela que Alba lhe prop\u00f4s n\u00e3o entregar Miguel, oferecendo o bilhete de Bianca em troca de ela desistir da queixa contra Duarte. Leonor, determinada, diz haver uma maneira de provar a inoc\u00eancia de Miguel, mas precisar\u00e1 de viajar at\u00e9 Lisboa.<\/p>\n<p data-end=\"604\" data-start=\"496\">Enquanto isso,\u00a0\u00a0<a href=\"https:\/\/tvi.iol.pt\/novelas\/videos\/para-ele-retirar-a-queixa-tu-prometeste-que-te-afastavas-de-mim\/67924a3a0cf216cd3ad316a6\" target=\"_blank\" wbo-id=\"58\" rel=\"nofollow noopener\">Gaspar (Nuno Lopes)<\/a>\u00a0 confirma a Leonor que Celso est\u00e1 a esconder <a href=\"https:\/\/tvi.iol.pt\/novelas\/videos\/vania-e-duarte-roubam-leti\/674711290cf28c51602e3c65\" wbo-id=\"52\" rel=\"nofollow noopener\" target=\"_blank\">Duarte (Cl\u00e1udio de Castro)<\/a>, obedecendo \u00e0s ordens de Lukenia.<\/p>\n<p data-end=\"604\" data-start=\"496\"><strong>Relembre-se do momento da morte de Bianca:<\/strong><\/p>\n<p data-end=\"604\" data-start=\"496\">\u00a0<\/p>\n","protected":false},"excerpt":{"rendered":"\u00a0Em \u00abA Fazenda\u00bb,\u00a0Leonor (Dalila Carmo) garante \u00e0s filhas que Miguel (Diogo Infante)\u00a0n\u00e3o matou \u00a0Bianca (Raquel Tillo), explicando que&hellip;\n","protected":false},"author":2,"featured_media":39536,"comment_status":"","ping_status":"","sticky":false,"template":"","format":"standard","meta":{"footnotes":""},"categories":[142],"tags":[160,166,3971,656,114,115,157,167,164,161,158,165,159,32,33,156,10072,163,151,162],"class_list":{"0":"post-39535","1":"post","2":"type-post","3":"status-publish","4":"format-standard","5":"has-post-thumbnail","7":"category-tv","8":"tag-ana-guiomar","9":"tag-cristina-ferreira","10":"tag-dalila-carmo","11":"tag-diogo-infante","12":"tag-entertainment","13":"tag-entretenimento","14":"tag-festa-e-festa","15":"tag-ficcao","16":"tag-jose-fidalgo","17":"tag-novelas","18":"tag-para-sempre","19":"tag-pedro-sousa","20":"tag-pedro-teixeira","21":"tag-portugal","22":"tag-pt","23":"tag-queridos-papas","24":"tag-raquel-tillo","25":"tag-tiago-teotonio-pereira","26":"tag-tv","27":"tag-tvi"},"share_on_mastodon":{"url":"","error":""},"_links":{"self":[{"href":"https:\/\/www.europesays.com\/pt\/wp-json\/wp\/v2\/posts\/39535","targetHints":{"allow":["GET"]}}],"collection":[{"href":"https:\/\/www.europesays.com\/pt\/wp-json\/wp\/v2\/posts"}],"about":[{"href":"https:\/\/www.europesays.com\/pt\/wp-json\/wp\/v2\/types\/post"}],"author":[{"embeddable":true,"href":"https:\/\/www.europesays.com\/pt\/wp-json\/wp\/v2\/users\/2"}],"replies":[{"embeddable":true,"href":"https:\/\/www.europesays.com\/pt\/wp-json\/wp\/v2\/comments?post=39535"}],"version-history":[{"count":0,"href":"https:\/\/www.europesays.com\/pt\/wp-json\/wp\/v2\/posts\/39535\/revisions"}],"wp:featuredmedia":[{"embeddable":true,"href":"https:\/\/www.europesays.com\/pt\/wp-json\/wp\/v2\/media\/39536"}],"wp:attachment":[{"href":"https:\/\/www.europesays.com\/pt\/wp-json\/wp\/v2\/media?parent=39535"}],"wp:term":[{"taxonomy":"category","embeddable":true,"href":"https:\/\/www.europesays.com\/pt\/wp-json\/wp\/v2\/categories?post=39535"},{"taxonomy":"post_tag","embeddable":true,"href":"https:\/\/www.europesays.com\/pt\/wp-json\/wp\/v2\/tags?post=39535"}],"curies":[{"name":"wp","href":"https:\/\/api.w.org\/{rel}","templated":true}]}}