{"id":39537,"date":"2025-08-22T00:28:12","date_gmt":"2025-08-22T00:28:12","guid":{"rendered":"https:\/\/www.europesays.com\/pt\/39537\/"},"modified":"2025-08-22T00:28:12","modified_gmt":"2025-08-22T00:28:12","slug":"radio-educadora-90-3-fm-previsao-do-tempo-para-os-proximos-5-dias-em-santa-catarina-23","status":"publish","type":"post","link":"https:\/\/www.europesays.com\/pt\/39537\/","title":{"rendered":"R\u00e1dio Educadora 90.3 FM \u00bb Previs\u00e3o do tempo para os pr\u00f3ximos 5 dias em Santa Catarina"},"content":{"rendered":"<p>                                <a href=\"\" title=\"Previs\u00e3o do tempo para os pr\u00f3ximos 5 dias em Santa Catarina\">&#13;<br \/>\n                                    <img decoding=\"async\" src=\"https:\/\/www.europesays.com\/pt\/wp-content\/uploads\/2025\/08\/1755822488_957_whatsapp-image-2024-07-11-at-17-35-22.jpeg\" title=\"Previs\u00e3o do tempo para os pr\u00f3ximos 5 dias em Santa Catarina\" alt=\"Previs\u00e3o do tempo para os pr\u00f3ximos 5 dias em Santa Catarina\"\/>&#13;<br \/>\n                                <\/a><\/p>\n<p class=\"has-text-align-center\" style=\"text-align: center;\" data-raofz=\"16\"><strong>Elaborado em:<\/strong>\u00a021\/08\/2025 \u00e0s 05:00 \u2013 N\u00b0 233\/2025<\/p>\n<p style=\"text-align: center;\" data-raofz=\"16\">\u00a0<\/p>\n<p class=\"has-text-align-center\" style=\"text-align: center;\" data-raofz=\"16\"><strong>Meteorologista:\u00a0<\/strong>Francine Sacco<\/p>\n<p style=\"text-align: center;\" data-raofz=\"16\">\u00a0<\/p>\n<p class=\"has-text-align-center\" style=\"text-align: center;\" data-raofz=\"16\"><strong>QUINTA-FEIRA (21)<\/strong><\/p>\n<p data-raofz=\"16\">\u00a0<\/p>\n<p data-raofz=\"16\">A<strong>\u00a0quinta-feira (21)<\/strong>\u00a0inicia com tempo est\u00e1vel em todo estado e com presen\u00e7a de nevoeiros, que dissipam no decorrer da manh\u00e3. Com a presen\u00e7a do sol, as temperaturas se elevam e as m\u00e1ximas se aproximam de 30\u00b0C no Grande Oeste e Litoral Norte e variam de 21\u00b0C a 25\u00b0C nas demais regi\u00f5es. Entre a tarde e o in\u00edcio da noite, o calor combinado ao fluxo de calor e umidade, que volta a ficar direcionado para o Sul do Brasil, favorecem a ocorr\u00eancia de pancadas de chuva em SC e de temporais isolados com raios, rajadas de vento e eventual precipita\u00e7\u00e3o de granizo, no Grande Oeste. O\u00a0<strong>risco \u00e9 baixo para ocorr\u00eancias associadas.<\/strong><\/p>\n<p data-raofz=\"16\">\u00a0<\/p>\n<p><img decoding=\"async\" loading=\"lazy\" class=\"wp-image-9995 aligncenter\" src=\"https:\/\/www.europesays.com\/pt\/wp-content\/uploads\/2025\/08\/Captura-de-tela-2025-08-20-015740-1024x698.png\"   alt=\"\" width=\"553\" height=\"377\"\/><\/p>\n<p data-raofz=\"16\">\u00a0<\/p>\n<p class=\"has-text-align-center\" style=\"text-align: center;\" data-raofz=\"16\"><strong>SEXTA-FEIRA (22)<\/strong><\/p>\n<p data-raofz=\"16\">\u00a0<\/p>\n<p data-raofz=\"16\">A<strong>\u00a0sexta-feira (22)<\/strong>\u00a0come\u00e7a com condi\u00e7\u00f5es favor\u00e1veis para a forma\u00e7\u00e3o de nevoeiros em boa parte de SC. Nas \u00e1reas de divisa com o RS localizadas entre o Planalto Sul e o Litoral Sul, o dia come\u00e7a com condi\u00e7\u00f5es para pancadas de chuva e trovoadas isoladas, mas que cessam no decorrer da manh\u00e3, por causa da instabilidade associada \u00e0 forma\u00e7\u00e3o de uma frente fria no estado vizinho. O\u00a0<strong>risco \u00e9 baixo para ocorr\u00eancias associadas.<\/strong>\u00a0Nas demais regi\u00f5es, o tempo se mant\u00e9m est\u00e1vel ao longo do dia. As temperaturas ficam altas \u00e0 tarde, com m\u00e1ximas superando 30\u00b0C no Grande Oeste, Litoral Norte e Litoral Sul e variando entre 25 e 28\u00b0C nas demais regi\u00f5es. O vento do quadrante nordeste\/noroeste com rajadas entre 50 e 70km\/h, desde o Extremo Oeste at\u00e9 o Litoral Sul , volta a causar agita\u00e7\u00e3o localizada no mar, com ondas de nordeste entre 2,0 e 2,5m no Litoral Sul.\u00a0<\/p>\n<p data-raofz=\"16\">\u00a0<\/p>\n<p><img decoding=\"async\" loading=\"lazy\" class=\"wp-image-10025 aligncenter\" src=\"https:\/\/www.europesays.com\/pt\/wp-content\/uploads\/2025\/08\/Captura-de-tela-2025-08-21-023056-1024x701.png\"   alt=\"\" width=\"554\" height=\"379\"\/><\/p>\n<p data-raofz=\"16\">\u00a0<\/p>\n<p class=\"has-text-align-center\" style=\"text-align: center;\" data-raofz=\"16\"><strong>S\u00c1BADO (23)<\/strong><\/p>\n<p data-raofz=\"16\">\u00a0<\/p>\n<p data-raofz=\"16\">No\u00a0<strong>s\u00e1bado (23)<\/strong>, a frente fria come\u00e7a a avan\u00e7ar em dire\u00e7\u00e3o a SC, atingindo as \u00e1reas de divisa com o RS, onde provoca chuva e temporais a partir do final da manh\u00e3. Nas demais regi\u00f5es do estado, a nebulosidade aumenta, mas sem indicativos de chuva.\u00a0<strong>O risco \u00e9 moderado para ocorr\u00eancias associadas, a destelhamentos, danos na rede el\u00e9trica, queda de galhos e \u00e1rvores e alagamentos pontuais.<\/strong>\u00a0As temperaturas ficam altas \u00e0 tarde, com m\u00e1ximas superando 30\u00b0C no Litoral Norte. Nas demais regi\u00f5es as m\u00e1ximas variam entre 25 e 28\u00b0C, com exce\u00e7\u00e3o das \u00e1reas pr\u00f3ximas da divisa com o RS. O vento varia de nordeste a noroeste, virando para sul no decorrer da tarde com rajadas mais intensas (entre 50 e 70km\/h) no Litoral, o que deixa o mar agitado, a partir da noite, em todo o Litoral, com ondas de sul se aproximando de 3,0m.\u00a0<\/p>\n<p data-raofz=\"16\">\u00a0<\/p>\n<p><img decoding=\"async\" loading=\"lazy\" class=\"wp-image-10026 aligncenter\" src=\"https:\/\/www.europesays.com\/pt\/wp-content\/uploads\/2025\/08\/Captura-de-tela-2025-08-21-023108-1024x696.png\"   alt=\"\" width=\"558\" height=\"379\"\/><\/p>\n<p data-raofz=\"16\">\u00a0<\/p>\n<p class=\"has-text-align-center\" style=\"text-align: center;\" data-raofz=\"16\"><strong>TEND\u00caNCIA PARA OS PR\u00d3XIMOS DIAS<\/strong><\/p>\n<p data-raofz=\"16\">\u00a0<\/p>\n<p data-raofz=\"16\">A chuva e os temporais, bem isolados, se estendem para todas as regi\u00f5es do estado no decorrer do\u00a0<strong>domingo (24)<\/strong>, com o deslocamento lento da frente fria. Na\u00a0<strong>segunda-feira (25)<\/strong>, a frente fria se afasta em dire\u00e7\u00e3o ao oceano, mas ainda mant\u00e9m a presen\u00e7a de muitas nuvens, bem como a condi\u00e7\u00e3o para chuva em todas as regi\u00f5es catarinenses.<\/p>\n<p data-raofz=\"16\">\u00a0<\/p>\n<p><img decoding=\"async\" loading=\"lazy\" class=\"wp-image-7834 aligncenter\" src=\"https:\/\/www.europesays.com\/pt\/wp-content\/uploads\/2025\/07\/image-26.png\"   alt=\"\" width=\"518\" height=\"121\"\/><\/p>\n<p>\u00a0<\/p>\n<p>                Fonte: Secretaria de Estado de Prote\u00e7\u00e3o e Defesa Civil                <\/p>\n","protected":false},"excerpt":{"rendered":"&#13; &#13; Elaborado em:\u00a021\/08\/2025 \u00e0s 05:00 \u2013 N\u00b0 233\/2025 \u00a0 Meteorologista:\u00a0Francine Sacco \u00a0 QUINTA-FEIRA (21) \u00a0 A\u00a0quinta-feira (21)\u00a0inicia&hellip;\n","protected":false},"author":2,"featured_media":473,"comment_status":"","ping_status":"","sticky":false,"template":"","format":"standard","meta":{"footnotes":""},"categories":[141],"tags":[114,115,149,150,32,33],"class_list":{"0":"post-39537","1":"post","2":"type-post","3":"status-publish","4":"format-standard","5":"has-post-thumbnail","7":"category-musica","8":"tag-entertainment","9":"tag-entretenimento","10":"tag-music","11":"tag-musica","12":"tag-portugal","13":"tag-pt"},"share_on_mastodon":{"url":"","error":""},"_links":{"self":[{"href":"https:\/\/www.europesays.com\/pt\/wp-json\/wp\/v2\/posts\/39537","targetHints":{"allow":["GET"]}}],"collection":[{"href":"https:\/\/www.europesays.com\/pt\/wp-json\/wp\/v2\/posts"}],"about":[{"href":"https:\/\/www.europesays.com\/pt\/wp-json\/wp\/v2\/types\/post"}],"author":[{"embeddable":true,"href":"https:\/\/www.europesays.com\/pt\/wp-json\/wp\/v2\/users\/2"}],"replies":[{"embeddable":true,"href":"https:\/\/www.europesays.com\/pt\/wp-json\/wp\/v2\/comments?post=39537"}],"version-history":[{"count":0,"href":"https:\/\/www.europesays.com\/pt\/wp-json\/wp\/v2\/posts\/39537\/revisions"}],"wp:featuredmedia":[{"embeddable":true,"href":"https:\/\/www.europesays.com\/pt\/wp-json\/wp\/v2\/media\/473"}],"wp:attachment":[{"href":"https:\/\/www.europesays.com\/pt\/wp-json\/wp\/v2\/media?parent=39537"}],"wp:term":[{"taxonomy":"category","embeddable":true,"href":"https:\/\/www.europesays.com\/pt\/wp-json\/wp\/v2\/categories?post=39537"},{"taxonomy":"post_tag","embeddable":true,"href":"https:\/\/www.europesays.com\/pt\/wp-json\/wp\/v2\/tags?post=39537"}],"curies":[{"name":"wp","href":"https:\/\/api.w.org\/{rel}","templated":true}]}}