{"id":39540,"date":"2025-08-22T00:30:10","date_gmt":"2025-08-22T00:30:10","guid":{"rendered":"https:\/\/www.europesays.com\/pt\/39540\/"},"modified":"2025-08-22T00:30:10","modified_gmt":"2025-08-22T00:30:10","slug":"nottingham-forest-pondera-incluir-david-carmo-em-negocio-com-clube-da-la-liga","status":"publish","type":"post","link":"https:\/\/www.europesays.com\/pt\/39540\/","title":{"rendered":"Nottingham Forest pondera incluir David Carmo em neg\u00f3cio com clube da La Liga"},"content":{"rendered":"<p><strong>O Nottingham Forest est\u00e1 interessado em Jos\u00e9 Angel Carmona do Sevilha e pondera incluir o passe de David Carmo no neg\u00f3cio.<\/strong><\/p>\n<p>Sem espa\u00e7o no plantel do Nottingham Forest orientado por Nuno Esp\u00edrito Santo, David Carmo poder\u00e1 rumar \u00e0 La Liga. De acordo com o jornal AS, o Sevilha est\u00e1 a tentar incluir o defesa angolano no neg\u00f3cio de Jos\u00e9 \u00c1ngel Carmona.<\/p>\n<p>O<a href=\"https:\/\/bolanarede.pt\/especial-bola-na-rede\/atualidade\/nottingham-forest-ja-tem-acordo-por-lateral-que-chumbou-nos-exames-medicos-do-sporting-em-2023\/\" target=\"_blank\" rel=\"noreferrer noopener nofollow\"> Forest est\u00e1 interessado no lateral espanhol<\/a> e, para baixar o valor da transfer\u00eancia, poder\u00e1 ceder o passe do antigo central do FC Porto. Recorde-se que os drag\u00f5es pagaram 20 milh\u00f5es de euros ao Braga por David Carmo, em 2022.<\/p>\n<p>Na \u00faltima temporada, David Carmo esteve cedido pelo Nottingham Forest ao Olympiacos, onde somou 34 jogos e apontou um golo.<\/p>\n","protected":false},"excerpt":{"rendered":"O Nottingham Forest est\u00e1 interessado em Jos\u00e9 Angel Carmona do Sevilha e pondera incluir o passe de David&hellip;\n","protected":false},"author":2,"featured_media":39541,"comment_status":"","ping_status":"","sticky":false,"template":"","format":"standard","meta":{"footnotes":""},"categories":[87],"tags":[260,12107,135,12108,5705,1527,32,666,33,5620,134],"class_list":{"0":"post-39540","1":"post","2":"type-post","3":"status-publish","4":"format-standard","5":"has-post-thumbnail","7":"category-desporto","8":"tag-atualidade","9":"tag-david-carmo","10":"tag-desporto","11":"tag-jose-angel-carmona","12":"tag-la-liga","13":"tag-nottingham-forest","14":"tag-portugal","15":"tag-premier-league","16":"tag-pt","17":"tag-sevilha","18":"tag-sports"},"share_on_mastodon":{"url":"","error":""},"_links":{"self":[{"href":"https:\/\/www.europesays.com\/pt\/wp-json\/wp\/v2\/posts\/39540","targetHints":{"allow":["GET"]}}],"collection":[{"href":"https:\/\/www.europesays.com\/pt\/wp-json\/wp\/v2\/posts"}],"about":[{"href":"https:\/\/www.europesays.com\/pt\/wp-json\/wp\/v2\/types\/post"}],"author":[{"embeddable":true,"href":"https:\/\/www.europesays.com\/pt\/wp-json\/wp\/v2\/users\/2"}],"replies":[{"embeddable":true,"href":"https:\/\/www.europesays.com\/pt\/wp-json\/wp\/v2\/comments?post=39540"}],"version-history":[{"count":0,"href":"https:\/\/www.europesays.com\/pt\/wp-json\/wp\/v2\/posts\/39540\/revisions"}],"wp:featuredmedia":[{"embeddable":true,"href":"https:\/\/www.europesays.com\/pt\/wp-json\/wp\/v2\/media\/39541"}],"wp:attachment":[{"href":"https:\/\/www.europesays.com\/pt\/wp-json\/wp\/v2\/media?parent=39540"}],"wp:term":[{"taxonomy":"category","embeddable":true,"href":"https:\/\/www.europesays.com\/pt\/wp-json\/wp\/v2\/categories?post=39540"},{"taxonomy":"post_tag","embeddable":true,"href":"https:\/\/www.europesays.com\/pt\/wp-json\/wp\/v2\/tags?post=39540"}],"curies":[{"name":"wp","href":"https:\/\/api.w.org\/{rel}","templated":true}]}}