{"id":39542,"date":"2025-08-22T00:31:09","date_gmt":"2025-08-22T00:31:09","guid":{"rendered":"https:\/\/www.europesays.com\/pt\/39542\/"},"modified":"2025-08-22T00:31:09","modified_gmt":"2025-08-22T00:31:09","slug":"confira-os-locais-de-vacinacao-antirrabica-na-proxima-semana-de-25-a-30","status":"publish","type":"post","link":"https:\/\/www.europesays.com\/pt\/39542\/","title":{"rendered":"Confira os locais de vacina\u00e7\u00e3o antirr\u00e1bica na pr\u00f3xima semana, de 25 a 30"},"content":{"rendered":"<p>\t\t\t\t\t\t\t\tConfira os locais de vacina\u00e7\u00e3o antirr\u00e1bica na pr\u00f3xima semana, de 25 a 30\t\t\t\t\t\t\t<\/p>\n<p>\t\t\t\t\t\t\t\t<img decoding=\"async\" src=\"https:\/\/www.europesays.com\/pt\/wp-content\/uploads\/2025\/08\/68a7b50dc8a78.jpg\" alt=\"IMG\"\/><\/p>\n<p>A campanha de vacina\u00e7\u00e3o animal para c\u00e3es e gatos continua por toda a cidade nesta semana. Organizada pela Prefeitura de Cruz, por meio da Secretaria de Sa\u00fade, a imuniza\u00e7\u00e3o acontece de segunda (25) a sexta-feira (29), das 8h \u00e0s 12h, em v\u00e1rios pontos de vacina\u00e7\u00e3o pelos bairros, no Hospital Veterin\u00e1rio da UFRB e no Centro de Endemias.\u00a0<\/p>\n<p>J\u00e1 no s\u00e1bado (30), das 8h \u00e0s 16h, a mobiliza\u00e7\u00e3o ser\u00e1 refor\u00e7ada com o Dia D da campanha de vacina\u00e7\u00e3o antirr\u00e1bica, que contar\u00e1 com imuniza\u00e7\u00e3o em locais movimentados de Cruz das Almas. A raiva \u00e9 uma zoonose grave, capaz de causar a morte dos pets, e tamb\u00e9m pode ser transmitida aos seres humanos. A vacina deve ser aplicada anualmente, mesmo que o bichinho n\u00e3o tenha acesso \u00e0 rua ou contato com outros animais.<\/p>\n<p><b>Programa\u00e7\u00e3o da semana de 25 a 30 de agosto por posto de sa\u00fade:<\/b><\/p>\n<p><b>SEGUNDA-FEIRA (25)<\/b><\/p>\n<p>Embira:<\/p>\n<p>&#8211; Engenho da Lagoa (volante)<\/p>\n<p>S\u00e3o Judas Tadeu:<\/p>\n<p>&#8211; Pracinha do bairro Sorriso<\/p>\n<p>Touquinha:<\/p>\n<p>&#8211; Domingos do Beiju: antiga igreja Deus Prover\u00e1<\/p>\n<p>Pumba:<\/p>\n<p>&#8211; Igreja do Gil<\/p>\n<p>Areal:<\/p>\n<p>&#8211; Pra\u00e7a do C\u00e9u<\/p>\n<p>Hospital Veterin\u00e1rio da UFRB:<\/p>\n<p>&#8211; Rua Rui Barbosa, N\u00b0 710, Centro &#8211; Campus Universit\u00e1rio<\/p>\n<p><b>TER\u00c7A-FEIRA (26)<\/b><\/p>\n<p>Hospital Veterin\u00e1rio da UFRB:<\/p>\n<p>&#8211; Rua Rui Barbosa, N\u00b0 710, Centro &#8211; Campus Universit\u00e1rio<\/p>\n<p>Centro de Endemias:<\/p>\n<p>&#8211; Rua Jos\u00e9 de Carvalho Rocha, 43 (Rua Armaz\u00e9m da Fumex)<\/p>\n<p><b>QUARTA-FEIRA (27)<\/b><\/p>\n<p>Unicentro:<\/p>\n<p>&#8211; Pracinha do C&amp;S da Rua da Mata<\/p>\n<p>Vilarejo:<\/p>\n<p>&#8211; Em frente \u00e0 serralheria de Louro<\/p>\n<p>Ara\u00e7\u00e1:<\/p>\n<p>&#8211; Em frente ao posto do Caminho A<\/p>\n<p>Touquinha:<\/p>\n<p>&#8211; Lisboa: casa de D. Maria (pr\u00f3x. f\u00e1brica de sof\u00e1)<\/p>\n<p>Pumba:<\/p>\n<p>&#8211; Associa\u00e7\u00e3o Comunit\u00e1ria da Pumba<\/p>\n<p>Hospital Veterin\u00e1rio da UFRB:<\/p>\n<p>&#8211; Rua Rui Barbosa, N\u00b0 710, Centro &#8211; Campus Universit\u00e1rio<\/p>\n<p><b>QUINTA-FEIRA (28)<\/b><\/p>\n<p>Hospital Veterin\u00e1rio da UFRB:<\/p>\n<p>&#8211; Rua Rui Barbosa, N\u00b0 710, Centro &#8211; Campus Universit\u00e1rio<\/p>\n<p>Centro de Endemias:<\/p>\n<p>&#8211; Rua Jos\u00e9 de Carvalho Rocha, 43 (Rua Armaz\u00e9m da Fumex)<\/p>\n<p><b style=\"\">SEXTA-FEIRA (29)<\/b><\/p>\n<p>UBS Coplan:<\/p>\n<p>&#8211; Pracinha do Andara\u00ed<\/p>\n<p>Dona Rosa:<\/p>\n<p>&#8211; Em frente ao posto m\u00e9dico dos Po\u00e7\u00f5es<\/p>\n<p>Areal:<\/p>\n<p>&#8211; Pra\u00e7a Nova Vida<\/p>\n<p>Tu\u00e1:<\/p>\n<p>&#8211; Em frente \u00e0 Igreja Cat\u00f3lica Bom Jesus<\/p>\n<p>&#8211; Comb\u00ea (volante)<\/p>\n<p>Hospital Veterin\u00e1rio da UFRB:<\/p>\n<p>&#8211; Rua Rui Barbosa, N\u00b0 710, Centro &#8211; Campus Universit\u00e1rio<\/p>\n<p><b>S\u00c1BADO (30) &#8211; DIA D: das 8h \u00e0s 16h<\/b><\/p>\n<p>Pontos: ao lado do Col\u00e9gio Jorge Guerra, Pracinha da Inocoop, Pracinha do Sele\u00e3o, coreto da Pra\u00e7a Senador Tem\u00edstocles, quadra da Estrada de Ferro e Pra\u00e7a da B\u00edblia (drive thru).<\/p>\n","protected":false},"excerpt":{"rendered":"Confira os locais de vacina\u00e7\u00e3o antirr\u00e1bica na pr\u00f3xima semana, de 25 a 30 A campanha de vacina\u00e7\u00e3o animal&hellip;\n","protected":false},"author":2,"featured_media":39543,"comment_status":"","ping_status":"","sticky":false,"template":"","format":"standard","meta":{"footnotes":""},"categories":[86],"tags":[116,32,33,117],"class_list":{"0":"post-39542","1":"post","2":"type-post","3":"status-publish","4":"format-standard","5":"has-post-thumbnail","7":"category-saude","8":"tag-health","9":"tag-portugal","10":"tag-pt","11":"tag-saude"},"share_on_mastodon":{"url":"","error":""},"_links":{"self":[{"href":"https:\/\/www.europesays.com\/pt\/wp-json\/wp\/v2\/posts\/39542","targetHints":{"allow":["GET"]}}],"collection":[{"href":"https:\/\/www.europesays.com\/pt\/wp-json\/wp\/v2\/posts"}],"about":[{"href":"https:\/\/www.europesays.com\/pt\/wp-json\/wp\/v2\/types\/post"}],"author":[{"embeddable":true,"href":"https:\/\/www.europesays.com\/pt\/wp-json\/wp\/v2\/users\/2"}],"replies":[{"embeddable":true,"href":"https:\/\/www.europesays.com\/pt\/wp-json\/wp\/v2\/comments?post=39542"}],"version-history":[{"count":0,"href":"https:\/\/www.europesays.com\/pt\/wp-json\/wp\/v2\/posts\/39542\/revisions"}],"wp:featuredmedia":[{"embeddable":true,"href":"https:\/\/www.europesays.com\/pt\/wp-json\/wp\/v2\/media\/39543"}],"wp:attachment":[{"href":"https:\/\/www.europesays.com\/pt\/wp-json\/wp\/v2\/media?parent=39542"}],"wp:term":[{"taxonomy":"category","embeddable":true,"href":"https:\/\/www.europesays.com\/pt\/wp-json\/wp\/v2\/categories?post=39542"},{"taxonomy":"post_tag","embeddable":true,"href":"https:\/\/www.europesays.com\/pt\/wp-json\/wp\/v2\/tags?post=39542"}],"curies":[{"name":"wp","href":"https:\/\/api.w.org\/{rel}","templated":true}]}}