{"id":395433,"date":"2026-05-26T10:56:11","date_gmt":"2026-05-26T10:56:11","guid":{"rendered":"https:\/\/www.europesays.com\/pt\/395433\/"},"modified":"2026-05-26T10:56:11","modified_gmt":"2026-05-26T10:56:11","slug":"meo-garante-que-falha-no-servico-de-televisao-esta-totalmente-resolvida-eco","status":"publish","type":"post","link":"https:\/\/www.europesays.com\/pt\/395433\/","title":{"rendered":"Meo garante que falha no servi\u00e7o de televis\u00e3o est\u00e1 \u201ctotalmente resolvida\u201d &#8211; ECO"},"content":{"rendered":"<ol>\n<li><a href=\"https:\/\/news.google.com\/rss\/articles\/CBMipgFBVV95cUxPUzc3U1FqbUNjV19tdGJSTXhHQmp4U19LMThYemVMak5HNUhVckpibnJtZzlpNUJzaVE4blNDX1hWVGMwUWN1QVQ4RlJZZFFJQzV0ZXlBR1dDdGZ6V21QQVZrNExUNVMwLWtfbVVzbjRRLUczcGhOQ05UWDdsSkxJUlgzMzhjdHVhYzNsYmQwNVNweC1CZW9NQU1DS2lzM3BRTmpxcEV3?oc=5\" target=\"_blank\" rel=\"nofollow noopener\">Meo garante que falha no servi\u00e7o de televis\u00e3o est\u00e1 \u201ctotalmente resolvida\u201d<\/a>&nbsp;&nbsp;ECO<\/li>\n<li><a href=\"https:\/\/news.google.com\/rss\/articles\/CBMihAFBVV95cUxNZDJZZjIzZUJkS2VBME54U2JmejJBNFhuNG9zYmVYMUFQUmdZUWpWemxTMnlYNGpnZnRibTVzNzRFaTlSOWNiSF9vYklYYTJJQjhFbFdZSndYaG1tR3ByOFZxbkVlQl9WR2JjNkxLMUxIVDFDaVJfTXhUM25ZTWtSRFA0UEI?oc=5\" target=\"_blank\" rel=\"nofollow noopener\">MEO. Clientes reportam problemas nos servi\u00e7os<\/a>&nbsp;&nbsp;Observador<\/li>\n<li><a href=\"https:\/\/news.google.com\/rss\/articles\/CBMihwFBVV95cUxONmx3eHF3X0RYZjlnSHhaN3NKQVNsaEp2WHR3Z203Sk1YQ2dfZGtrQm9wbnFjdzVVNjdBdG5KSFlxbUdYVDZWenRGWGtNVmxQb2V3Q1hJVENBT3c5NjZvdUFHZDNfRFVCenQ4OGhIcmtNQmFqcWNLamdBbHlMRDU3Rk5uaFN3cG8?oc=5\" target=\"_blank\" rel=\"nofollow noopener\">Clientes da MEO relatam falhas no servi\u00e7o de televis\u00e3o<\/a>&nbsp;&nbsp;Di\u00e1rio de Not\u00edcias<\/li>\n<li><a href=\"https:\/\/news.google.com\/rss\/articles\/CBMiogFBVV95cUxOeTFkblQxRllsMktNUnh6eTRFU0stVzhPdTBfNTZWU1dXLTE1Szg2elpIc3FZOFJfWTQyS21sclE5LVE3OWtRbldiMFNHcWE5ckxUSUJ4dzJOM2ZEN21Xd3VTRTVZRl9MbkQ2ODRXOFhxWnNfemM2cVg3SFRjYUpWTUFOQ20wY1l6YUFydU9INnFqOFdmUEFCRG1BbVVSUTdNNmc?oc=5\" target=\"_blank\" rel=\"nofollow noopener\">Falha na MEO deixa milhares de clientes sem televis\u00e3o em v\u00e1rias zonas de Portugal<\/a>&nbsp;&nbsp;4gnews<\/li>\n<li><a href=\"https:\/\/news.google.com\/rss\/articles\/CBMibEFVX3lxTE9MdXlmbU9vQVZSTC1jY1ZSOG5JLW5NekhrMjZpekVTd2l1cTc5NzdUUTJ1SEpGdWgyWTY3czA2RzJURTRHU1FqWUc0TnhCV1V1ZzE1Zko5TUp6cGRsWVdQa0k3ZF9jaEFuUWNmUQ?oc=5\" target=\"_blank\" rel=\"nofollow noopener\">IPTV com problemas na MEO mesmo com VPN?<\/a>&nbsp;&nbsp;Leak.pt<\/li>\n<\/ol>\n","protected":false},"excerpt":{"rendered":"Meo garante que falha no servi\u00e7o de televis\u00e3o est\u00e1 \u201ctotalmente resolvida\u201d&nbsp;&nbsp;ECO MEO. Clientes reportam problemas nos servi\u00e7os&nbsp;&nbsp;Observador Clientes&hellip;\n","protected":false},"author":2,"featured_media":395434,"comment_status":"","ping_status":"","sticky":false,"template":"","format":"standard","meta":{"footnotes":"","_share_on_mastodon":"0"},"categories":[142],"tags":[1484,90,114,115,32,33,8649,151],"class_list":["post-395433","post","type-post","status-publish","format-standard","has-post-thumbnail","category-tv","tag-m","tag-empresas","tag-entertainment","tag-entretenimento","tag-portugal","tag-pt","tag-telecomunicacoes","tag-tv"],"share_on_mastodon":{"url":"https:\/\/pubeurope.com\/@pt\/116640519752464068","error":""},"_links":{"self":[{"href":"https:\/\/www.europesays.com\/pt\/wp-json\/wp\/v2\/posts\/395433","targetHints":{"allow":["GET"]}}],"collection":[{"href":"https:\/\/www.europesays.com\/pt\/wp-json\/wp\/v2\/posts"}],"about":[{"href":"https:\/\/www.europesays.com\/pt\/wp-json\/wp\/v2\/types\/post"}],"author":[{"embeddable":true,"href":"https:\/\/www.europesays.com\/pt\/wp-json\/wp\/v2\/users\/2"}],"replies":[{"embeddable":true,"href":"https:\/\/www.europesays.com\/pt\/wp-json\/wp\/v2\/comments?post=395433"}],"version-history":[{"count":0,"href":"https:\/\/www.europesays.com\/pt\/wp-json\/wp\/v2\/posts\/395433\/revisions"}],"wp:featuredmedia":[{"embeddable":true,"href":"https:\/\/www.europesays.com\/pt\/wp-json\/wp\/v2\/media\/395434"}],"wp:attachment":[{"href":"https:\/\/www.europesays.com\/pt\/wp-json\/wp\/v2\/media?parent=395433"}],"wp:term":[{"taxonomy":"category","embeddable":true,"href":"https:\/\/www.europesays.com\/pt\/wp-json\/wp\/v2\/categories?post=395433"},{"taxonomy":"post_tag","embeddable":true,"href":"https:\/\/www.europesays.com\/pt\/wp-json\/wp\/v2\/tags?post=395433"}],"curies":[{"name":"wp","href":"https:\/\/api.w.org\/{rel}","templated":true}]}}