{"id":395608,"date":"2026-05-26T13:47:11","date_gmt":"2026-05-26T13:47:11","guid":{"rendered":"https:\/\/www.europesays.com\/pt\/395608\/"},"modified":"2026-05-26T13:47:11","modified_gmt":"2026-05-26T13:47:11","slug":"batman-2-pode-finalmente-entregar-versao-completa-de-grande-vilao-da-dc","status":"publish","type":"post","link":"https:\/\/www.europesays.com\/pt\/395608\/","title":{"rendered":"Batman 2 pode finalmente entregar vers\u00e3o completa de grande vil\u00e3o da DC"},"content":{"rendered":"<p>Poucos filmes de super-her\u00f3i carregam um peso t\u00e3o grande quanto uma continua\u00e7\u00e3o de <a href=\"https:\/\/tangerina.uol.com.br\/filmes-series\/batman-2-usa-neve-para-alimentar-teoria-sobre-novo-vilao-da-dc\/\" target=\"_blank\" rel=\"noreferrer noopener nofollow\">The Batman (2022)<\/a>. Desde 2008, O Cavaleiro das Trevas virou refer\u00eancia n\u00e3o apenas para adapta\u00e7\u00f5es do personagem, mas para o g\u00eanero inteiro. Por isso, qualquer compara\u00e7\u00e3o costuma parecer precipitada. Ainda assim, os primeiros sinais da sequ\u00eancia com Robert Pattinson indicam que Matt Reeves pode estar tentando atacar justamente um dos pontos em que o cl\u00e1ssico de Christopher Nolan tomou um caminho mais contido.<\/p>\n<p><strong>A aposta estaria em Harvey Dent<\/strong>. <a href=\"https:\/\/tangerina.uol.com.br\/filmes-series\/filme-de-sebastian-stan-amplia-recorde-em-cannes-apos-vencer-palma-de-ouro\/\" target=\"_blank\" rel=\"noreferrer noopener nofollow\">Sebastian Stan<\/a> deve interpretar o promotor que eventualmente se transforma no Duas-Caras. Mais do que a escala\u00e7\u00e3o em si, o que chama aten\u00e7\u00e3o \u00e9 a possibilidade de o personagem receber uma abordagem mais pr\u00f3xima dos quadrinhos do que aquela vista no longa estrelado por Christian Bale.<\/p>\n<p>Em O Cavaleiro das Trevas, Aaron Eckhart entregou uma das interpreta\u00e7\u00f5es mais lembradas do universo do Batman, mas o roteiro tratava Harvey Dent e Duas-Caras quase como extens\u00f5es da mesma pessoa. Nos quadrinhos, a constru\u00e7\u00e3o costuma ser mais complexa e trabalha a ideia de identidades distintas dentro do personagem, algo que o novo filme pode explorar com mais profundidade.<\/p>\n<p>No entanto, o detalhe mais importante que refor\u00e7a essa leitura \u00e9 o pr\u00f3prio hist\u00f3rico criado por Matt Reeves. At\u00e9 agora, o diretor evitou encerrar os grandes vil\u00f5es de forma definitiva. Charada (Paul Dano) continua vivo ap\u00f3s os eventos de The Batman, enquanto Pinguim (Colin Farrell) expandiu sua presen\u00e7a dentro desse universo. Essa estrat\u00e9gia abre espa\u00e7o para personagens evolu\u00edrem ao longo de v\u00e1rios filmes, em vez de cumprirem um arco completo em apenas uma hist\u00f3ria.<\/p>\n<p><img alt=\"Sebastian Stan em Thunderbolts, seu \u00faltimo filme na Marvel como Soldado Invernal\" src=\"data:image\/gif;base64,R0lGODlhAQABAIAAAAAAAP\/\/\/yH5BAEAAAAALAAAAAABAAEAAAIBRAA7\" decoding=\"async\" style=\"position:absolute;top:0;left:0;bottom:0;right:0;box-sizing:border-box;padding:0;border:none;margin:auto;display:block;width:0;height:0;min-width:100%;max-width:100%;min-height:100%;max-height:100%\"\/><\/p>\n<p font-weight=\"500\" font-size=\"14px\" class=\"style__Typo-sc-1e1gvva-0 ezCJRb\">Sebastian Stan em cena de Thunderbolts* (2025)<\/p>\n<p font-weight=\"300\" font-size=\"14px\" class=\"style__Typo-sc-1e1gvva-0 fvAQOT\">(Foto: Divulga\u00e7\u00e3o\/Marvel)<\/p>\n<p>Batman vs. Duas-Caras<\/p>\n<p>Se seguir esse modelo, Harvey Dent pode surgir primeiro como uma figura central na luta contra o crime ao lado de Batman (Robert Pattinson) e Gordon (Jeffrey Wright) antes de iniciar sua transforma\u00e7\u00e3o. Isso permitiria construir a queda do personagem aos poucos, deixando uma eventual vers\u00e3o completa do Duas-Caras para etapas futuras da franquia.<\/p>\n<p>O cen\u00e1rio fica ainda mais ambicioso por causa dos outros nomes que circulam nos bastidores. Entre os rumores citados est\u00e3o personagens como Mr. Freeze, Hush e at\u00e9 a Corte das Corujas, antagonistas que raramente ganharam espa\u00e7o relevante nos cinemas. Individualmente, talvez nenhum tenha o peso cultural do Coringa de Heath Ledger (1979-2008), mas juntos eles podem ajudar Batman 2 a criar uma identidade pr\u00f3pria em vez de repetir a f\u00f3rmula de Nolan.<\/p>\n<p>Com estreia prevista para outubro de 2027, Batman 2 ainda est\u00e1 distante dos cinemas. Mesmo assim, a sequ\u00eancia j\u00e1 parece indicar que a disputa n\u00e3o ser\u00e1 sobre tentar copiar O Cavaleiro das Trevas. O objetivo pode ser outro: pegar um dos personagens mais importantes do universo do Batman e entregar uma adapta\u00e7\u00e3o que o cinema ainda n\u00e3o mostrou por completo.<\/p>\n<p>The Batman est\u00e1 dispon\u00edvel na <a href=\"https:\/\/www.hbomax.com\/pt\/pt\" target=\"_blank\" rel=\"noreferrer noopener nofollow\">HBO Max<\/a>. Assista abaixo ao trailer:<\/p>\n","protected":false},"excerpt":{"rendered":"Poucos filmes de super-her\u00f3i carregam um peso t\u00e3o grande quanto uma continua\u00e7\u00e3o de The Batman (2022). Desde 2008,&hellip;\n","protected":false},"author":2,"featured_media":395609,"comment_status":"","ping_status":"","sticky":false,"template":"","format":"standard","meta":{"footnotes":"","_share_on_mastodon":"0"},"categories":[140],"tags":[1948,2945,114,115,147,148,146,32,33],"class_list":["post-395608","post","type-post","status-publish","format-standard","has-post-thumbnail","category-filmes","tag-batman","tag-dc","tag-entertainment","tag-entretenimento","tag-film","tag-filmes","tag-movies","tag-portugal","tag-pt"],"share_on_mastodon":{"url":"https:\/\/pubeurope.com\/@pt\/116641192162308154","error":""},"_links":{"self":[{"href":"https:\/\/www.europesays.com\/pt\/wp-json\/wp\/v2\/posts\/395608","targetHints":{"allow":["GET"]}}],"collection":[{"href":"https:\/\/www.europesays.com\/pt\/wp-json\/wp\/v2\/posts"}],"about":[{"href":"https:\/\/www.europesays.com\/pt\/wp-json\/wp\/v2\/types\/post"}],"author":[{"embeddable":true,"href":"https:\/\/www.europesays.com\/pt\/wp-json\/wp\/v2\/users\/2"}],"replies":[{"embeddable":true,"href":"https:\/\/www.europesays.com\/pt\/wp-json\/wp\/v2\/comments?post=395608"}],"version-history":[{"count":0,"href":"https:\/\/www.europesays.com\/pt\/wp-json\/wp\/v2\/posts\/395608\/revisions"}],"wp:featuredmedia":[{"embeddable":true,"href":"https:\/\/www.europesays.com\/pt\/wp-json\/wp\/v2\/media\/395609"}],"wp:attachment":[{"href":"https:\/\/www.europesays.com\/pt\/wp-json\/wp\/v2\/media?parent=395608"}],"wp:term":[{"taxonomy":"category","embeddable":true,"href":"https:\/\/www.europesays.com\/pt\/wp-json\/wp\/v2\/categories?post=395608"},{"taxonomy":"post_tag","embeddable":true,"href":"https:\/\/www.europesays.com\/pt\/wp-json\/wp\/v2\/tags?post=395608"}],"curies":[{"name":"wp","href":"https:\/\/api.w.org\/{rel}","templated":true}]}}