{"id":39567,"date":"2025-08-22T00:53:27","date_gmt":"2025-08-22T00:53:27","guid":{"rendered":"https:\/\/www.europesays.com\/pt\/39567\/"},"modified":"2025-08-22T00:53:27","modified_gmt":"2025-08-22T00:53:27","slug":"trump-sugere-a-kiev-jogar-ao-ataque-na-guerra-contra-russia","status":"publish","type":"post","link":"https:\/\/www.europesays.com\/pt\/39567\/","title":{"rendered":"Trump sugere a Kiev \u201cjogar ao ataque\u201d na guerra contra R\u00fassia"},"content":{"rendered":"<p>        \u201c\u00c9 muito dif\u00edcil, se n\u00e3o imposs\u00edvel, ganhar uma guerra sem atacar um pa\u00eds invasor\u201d, declarou Trump, que na sua rede social, Truth Social, comparou o contexto militar da Ucr\u00e2nia a \u201cuma grande equipa que tem uma defesa fant\u00e1stica, mas que n\u00e3o \u00e9 autorizada a jogar ao ataque\u201d.    <\/p>\n<p>epa12273726 US President Donald J. Trump, with HHS Secretary Robert F. Kennedy Jr., delivers remarks during a Making Health Technology Great Again event in the East Room of the White House in Washington, DC, USA, 30 July 2025. The White House and the Centers for Medicare and Medicaid Services have received commitments from 60 healthcare technology companies to collaborate on a new health technology advancement initiative.  EPA\/SHAWN THEW<\/p>\n<p>O Presidente norte-americano, Donald Trump, sugeriu hoje que a Ucr\u00e2nia deve \u201cjogar ao ataque\u201d para ter alguma hip\u00f3tese de vencer a R\u00fassia, em contraste com a posi\u00e7\u00e3o diplom\u00e1tica anteriormente defendida, fundamentada num encontro entre os l\u00edderes ucraniano e russo.<\/p>\n<p class=\"text-paragraph\">\u201c\u00c9 muito dif\u00edcil, se n\u00e3o imposs\u00edvel, ganhar uma guerra sem atacar um pa\u00eds invasor\u201d, declarou Trump, que na sua rede social, Truth Social, comparou o contexto militar da Ucr\u00e2nia a \u201cuma grande equipa que tem uma defesa fant\u00e1stica, mas que n\u00e3o \u00e9 autorizada a jogar ao ataque\u201d.<\/p>\n<p class=\"text-paragraph\">\u201cN\u00e3o tem hip\u00f3tese de ganhar!\u201d, sentenciou.<\/p>\n<p class=\"text-paragraph\">O Presidente dos Estados Unidos sublinhou que o seu antecessor, o \u201ccorrupto e incompetente\u201d Joe Biden, \u201cn\u00e3o permitiu que a Ucr\u00e2nia respondesse\u201d aos ataques russos e insistiu na tese de que, se ele estivesse na Casa Branca, \u201cesta guerra nunca teria acontecido\u201d.<\/p>\n<p class=\"text-paragraph\">Argumentando que tal representaria uma escalada do conflito, durante quase tr\u00eas anos o Governo Biden n\u00e3o permitiu a venda a Kiev de sistemas de maior alcance, que lhe permitissem atacar alvos dentro do territ\u00f3rio russo, decis\u00e3o que alterou no final de 2024, ao permitir o fornecimento \u00e0 Ucr\u00e2nia de m\u00edsseis t\u00e1ticos ATACMS.<\/p>\n<p class=\"text-paragraph\">Desde julho deste ano, o Governo Trump aprovou a venda de armas consideradas ofensivas a pa\u00edses membros da NATO (Organiza\u00e7\u00e3o do Tratado do Atl\u00e2ntico-Norte, bloco de defesa ocidental) para que as transferissem para a Ucr\u00e2nia.<\/p>\n<p class=\"text-paragraph\">O magnata nova-iorquino vaticinou ainda que se avizinham \u201ctempos interessantes\u201d, embora n\u00e3o tenha feito qualquer refer\u00eancia \u00e0s \u00faltimas reuni\u00f5es que manteve com os hom\u00f3logos russo, Vladimir Putin, e ucraniano, Volodymyr Zelensky, nem aos supostos esfor\u00e7os em curso para concretizar uma reuni\u00e3o a tr\u00eas.<\/p>\n<p class=\"text-paragraph\">A R\u00fassia invadiu a Ucr\u00e2nia a 24 de fevereiro de 2022, com o argumento de proteger as minorias separatistas pr\u00f3-russas no leste e \u201cdesnazificar\u201d o pa\u00eds vizinho, independente desde 1991 \u2013 ap\u00f3s o desmoronamento da Uni\u00e3o Sovi\u00e9tica \u2013 e que tem vindo a afastar-se da esfera de influ\u00eancia de Moscovo e a aproximar-se da Europa e do Ocidente.<\/p>\n<p class=\"text-paragraph\">A guerra na Ucr\u00e2nia j\u00e1 provocou dezenas de milhares de mortos de ambos os lados, e os \u00faltimos meses foram marcados por ataques a\u00e9reos em grande escala da R\u00fassia a cidades e infraestruturas ucranianas, ao passo que as for\u00e7as de Kiev t\u00eam visado, em ofensivas com \u2018drones\u2019 (aeronaves n\u00e3o-tripuladas), alvos militares em territ\u00f3rio russo e na pen\u00ednsula da Crimeia, ilegalmente anexada por Moscovo em 2014.<\/p>\n<p class=\"text-paragraph\">No plano diplom\u00e1tico, ap\u00f3s um longo impasse nas conversa\u00e7\u00f5es entre Moscovo e Kiev, realizou-se a 15 de agosto uma cimeira no Alasca entre Trump e Putin sobre a guerra na Ucr\u00e2nia, com a possibilidade de um cessar-fogo como a principal quest\u00e3o em debate, mas n\u00e3o foram alcan\u00e7ados quaisquer resultados.<\/p>\n<p class=\"text-paragraph\">Na segunda-feira, Trump recebeu na Casa Branca o Presidente ucraniano, Volodymyr Zelensky, e uma comitiva de alto n\u00edvel com v\u00e1rios l\u00edderes europeus.<\/p>\n<p class=\"text-paragraph\">A R\u00fassia rejeitou at\u00e9 agora qualquer cessar-fogo prolongado e exige, para p\u00f4r fim ao conflito, que a Ucr\u00e2nia lhe ceda quatro regi\u00f5es \u2013 Donetsk, Lugansk, Kherson e Zaporijia \u2013 al\u00e9m da pen\u00ednsula da Crimeia anexada em 2014, e renuncie para sempre a aderir \u00e0 NATO.<\/p>\n<p class=\"text-paragraph\">Estas condi\u00e7\u00f5es s\u00e3o consideradas inaceit\u00e1veis pela Ucr\u00e2nia, que, juntamente com os aliados europeus, tem exigido um cessar-fogo incondicional de 30 dias antes de entabular negocia\u00e7\u00f5es de paz com Moscovo.<\/p>\n<p class=\"text-paragraph\">Por seu lado, a R\u00fassia considera que aceitar tal oferta permitiria \u00e0s for\u00e7as ucranianas, em dificuldades na frente de batalha, rearmar-se, gra\u00e7as aos abastecimentos militares ocidentais.<\/p>\n","protected":false},"excerpt":{"rendered":"\u201c\u00c9 muito dif\u00edcil, se n\u00e3o imposs\u00edvel, ganhar uma guerra sem atacar um pa\u00eds invasor\u201d, declarou Trump, que na&hellip;\n","protected":false},"author":2,"featured_media":39568,"comment_status":"","ping_status":"","sticky":false,"template":"","format":"standard","meta":{"footnotes":""},"categories":[50],"tags":[27,28,15,16,14,25,26,21,22,62,12,13,19,20,23,24,17,18,29,30,31,63,64,65],"class_list":{"0":"post-39567","1":"post","2":"type-post","3":"status-publish","4":"format-standard","5":"has-post-thumbnail","7":"category-mundo","8":"tag-breaking-news","9":"tag-breakingnews","10":"tag-featured-news","11":"tag-featurednews","12":"tag-headlines","13":"tag-latest-news","14":"tag-latestnews","15":"tag-main-news","16":"tag-mainnews","17":"tag-mundo","18":"tag-news","19":"tag-noticias","20":"tag-noticias-principais","21":"tag-noticiasprincipais","22":"tag-principais-noticias","23":"tag-principaisnoticias","24":"tag-top-stories","25":"tag-topstories","26":"tag-ultimas","27":"tag-ultimas-noticias","28":"tag-ultimasnoticias","29":"tag-world","30":"tag-world-news","31":"tag-worldnews"},"share_on_mastodon":{"url":"","error":""},"_links":{"self":[{"href":"https:\/\/www.europesays.com\/pt\/wp-json\/wp\/v2\/posts\/39567","targetHints":{"allow":["GET"]}}],"collection":[{"href":"https:\/\/www.europesays.com\/pt\/wp-json\/wp\/v2\/posts"}],"about":[{"href":"https:\/\/www.europesays.com\/pt\/wp-json\/wp\/v2\/types\/post"}],"author":[{"embeddable":true,"href":"https:\/\/www.europesays.com\/pt\/wp-json\/wp\/v2\/users\/2"}],"replies":[{"embeddable":true,"href":"https:\/\/www.europesays.com\/pt\/wp-json\/wp\/v2\/comments?post=39567"}],"version-history":[{"count":0,"href":"https:\/\/www.europesays.com\/pt\/wp-json\/wp\/v2\/posts\/39567\/revisions"}],"wp:featuredmedia":[{"embeddable":true,"href":"https:\/\/www.europesays.com\/pt\/wp-json\/wp\/v2\/media\/39568"}],"wp:attachment":[{"href":"https:\/\/www.europesays.com\/pt\/wp-json\/wp\/v2\/media?parent=39567"}],"wp:term":[{"taxonomy":"category","embeddable":true,"href":"https:\/\/www.europesays.com\/pt\/wp-json\/wp\/v2\/categories?post=39567"},{"taxonomy":"post_tag","embeddable":true,"href":"https:\/\/www.europesays.com\/pt\/wp-json\/wp\/v2\/tags?post=39567"}],"curies":[{"name":"wp","href":"https:\/\/api.w.org\/{rel}","templated":true}]}}