{"id":395725,"date":"2026-05-26T15:50:18","date_gmt":"2026-05-26T15:50:18","guid":{"rendered":"https:\/\/www.europesays.com\/pt\/395725\/"},"modified":"2026-05-26T15:50:18","modified_gmt":"2026-05-26T15:50:18","slug":"amanha-e-na-quinta-28-preveem-se-trovoadas-com-muitos-raios-mas-os-mapas-de-chuva-estao-quase-vazios-atencao-a-isto","status":"publish","type":"post","link":"https:\/\/www.europesays.com\/pt\/395725\/","title":{"rendered":"Amanh\u00e3 e na quinta 28 preveem-se trovoadas com muitos raios, mas os mapas de chuva est\u00e3o quase vazios: \u201caten\u00e7\u00e3o a isto&#8221;"},"content":{"rendered":"<p> <img decoding=\"async\" fetchpriority=\"high\" src=\"https:\/\/www.europesays.com\/pt\/wp-content\/uploads\/2026\/05\/amanha-e-na-quinta-28-preveem-se-trovoadas-com-muitos-raios-mas-os-mapas-de-chuva-estao-quase-vazios.jpeg\"  width=\"768\" height=\"432\" alt=\"Trovoadas previstas para o Norte e Centro de Portugal continental nos pr\u00f3ximos dois dias. Conhe\u00e7a os riscos da trovoada seca.\" data-image=\"2bqr6p1xm4g6\"\/>Trovoadas previstas para o Norte e Centro de Portugal continental nos pr\u00f3ximos dois dias. Conhe\u00e7a os riscos da trovoada seca.   <img decoding=\"async\" fetchpriority=\"high\" src=\"https:\/\/www.europesays.com\/pt\/wp-content\/uploads\/2026\/05\/alfredo-graca.jpg\" alt=\"Alfredo Gra\u00e7a\" width=\"40\" height=\"40\"\/>    <a class=\"nombre text-hv\" href=\"https:\/\/www.tempo.pt\/autor\/alfredo-graca\/\" title=\"Alfredo Gra\u00e7a\" rel=\"nofollow noopener\" target=\"_blank\">Alfredo Gra\u00e7a<\/a>        26\/05\/2026 14:11   6 min   <\/p>\n<p>Uma trovoada sem chuva, tamb\u00e9m conhecida como<strong> trovoada seca<\/strong>, \u00e9 um fen\u00f3meno em que se gera <strong>atividade el\u00e9trica<\/strong> (rel\u00e2mpagos e trov\u00f5es), mas no qual a <strong>precipita\u00e7\u00e3o evapora antes de atingir o solo<\/strong>. Embora n\u00e3o chova, os rel\u00e2mpagos podem atingir a superf\u00edcie, acarretando um perigo enorme para a deflagra\u00e7\u00e3o de <strong>inc\u00eandios rurais<\/strong>.<\/p>\n<p>Como se desencadeia este fen\u00f3meno e porque \u00e9 que praticamente n\u00e3o chove?<\/p>\n<p>Nesta \u00e9poca do ano <strong>o sol j\u00e1 aquece intensamente o solo durante o dia<\/strong>. Deste modo, o ar junto \u00e0 superf\u00edcie fica muito quente e pode subir rapidamente, originando as chamadas <strong>correntes de convec\u00e7\u00e3o<\/strong>. Se existir alguma humidade em alta altitude, o ar que ascendeu condensa-se e forma <strong>nuvens de trovoada<\/strong>. A colis\u00e3o entre os cristais de gelo presentes nestas nuvens provoca a<strong> atividade el\u00e9trica<\/strong>.<\/p>\n<p>O forte aquecimento diurno promove as correntes de ar necess\u00e1rias para gerar eletricidade (correntes de convec\u00e7\u00e3o), mas a falta de humidade nas camadas inferiores da atmosfera impede a chegada da precipita\u00e7\u00e3o ao solo.<\/p>\n<p>A nuvem come\u00e7a a produzir precipita\u00e7\u00e3o sob a forma de chuva ou aguaceiros, mas, <strong>\u00e0 medida que a precipita\u00e7\u00e3o vai caindo, atravessa camadas de ar extremamente quentes e secas <\/strong>entre a base da nuvem e o solo, pelo que acaba por <strong>evaporar completamente<\/strong> a meio do caminho.<\/p>\n<p><img decoding=\"async\" fetchpriority=\"low\" class=\"lazy \" src=\"https:\/\/www.europesays.com\/pt\/wp-content\/uploads\/2026\/05\/amanha-e-na-quinta-28-preveem-se-trovoadas-com-muitos-raios-mas-os-mapas-de-chuva-estao-quase-vazios.png\"  width=\"768\" height=\"432\" alt=\"Como se pode observar, a precipita\u00e7\u00e3o acumulada at\u00e9 ao final de quinta-feira, 28 de maio, em Portugal continental ser\u00e1 escassa e a distribui\u00e7\u00e3o ser\u00e1 bastante diferente da densidade de raios, apenas coincidindo parcialmente, o que sugere a exist\u00eancia do fen\u00f3meno conhecido como trovoada seca.\" data-image=\"gnd7brgj5wvq\"\/>Como se pode observar, a precipita\u00e7\u00e3o acumulada at\u00e9 ao final de quinta-feira, 28 de maio, em Portugal continental ser\u00e1 escassa e a distribui\u00e7\u00e3o ser\u00e1 bastante diferente da densidade de raios, apenas coincidindo parcialmente, o que sugere a exist\u00eancia do fen\u00f3meno conhecido como trovoada seca.<\/p>\n<p>Visualmente, este fen\u00f3meno de chuva que n\u00e3o chega a atingir o solo tem a designa\u00e7\u00e3o de <strong>virga<\/strong>.<\/p>\n<p>Aten\u00e7\u00e3o \u00e0 possibilidade de trovoada seca nestas zonas de Portugal continental<\/p>\n<p>De acordo com os mapas da <strong>Meteored<\/strong>, as zonas onde se prev\u00ea maior concentra\u00e7\u00e3o de descargas el\u00e9tricas na <strong>quarta e quinta-feira, dias 27 e 28 de maio<\/strong>, logo a partir do meio-dia e durante o per\u00edodo da tarde &#8211; precisamente a altura do dia em que a radia\u00e7\u00e3o solar \u00e9 mais intensa e por isso aquece mais o solo, gerando condi\u00e7\u00f5es favor\u00e1veis \u00e0 atividade convectiva &#8211; s\u00e3o as<strong> Regi\u00f5es Norte e Centro, especialmente no interior <\/strong>das mesmas.<\/p>\n<p>Prev\u00ea-se que entre estes dois dias, <strong>a tarde de quarta-feira (27) seja o per\u00edodo mais agitado em termos de atividade el\u00e9trica<\/strong>, estando prevista uma densidade de raios que abranger\u00e1 uma parte bastante significativa do Norte e do Centro, com destaque para o interior destas regi\u00f5es e em particular as \u00e1reas montanhosas.<\/p>\n<p>Como se pode verificar, a atividade el\u00e9trica espalhar-se-\u00e1 praticamente por todo o Norte e Centro de Portugal continental, distribuindo-se pelos distritos de <strong>Viana do Castelo, Braga, Vila Real e Bragan\u00e7a<\/strong> (onde possivelmente ser\u00e1 mais forte), <strong>Guarda, Viseu, Coimbra<\/strong> e ainda pelo interior dos distritos do <strong>Porto e Aveiro<\/strong>.<\/p>\n<p><img decoding=\"async\" fetchpriority=\"low\" class=\"lazy \" src=\"https:\/\/www.europesays.com\/pt\/wp-content\/uploads\/2026\/05\/1779810617_759_amanha-e-na-quinta-28-preveem-se-trovoadas-com-muitos-raios-mas-os-mapas-de-chuva-estao-quase-vazios.png\"  width=\"768\" height=\"432\" alt=\"Esta \u00e9 a previs\u00e3o da densidade e distribui\u00e7\u00e3o de descargas el\u00e9tricas para as 16:00 de quarta-feira, 27 de maio.\" data-image=\"1sw9felzw11z\"\/>Esta \u00e9 a previs\u00e3o da densidade e distribui\u00e7\u00e3o de descargas el\u00e9tricas para as 16:00 de quarta-feira, 27 de maio.<\/p>\n<p>Ainda de acordo com a atual previs\u00e3o, a trovoada poder\u00e1 surgir de forma pontual e dispersa outras zonas situadas mais a sul.<\/p>\n<p>Os principais riscos da trovoada seca<\/p>\n<p>Nestes meses de trovoada, como assim \u00e9 conhecido o m\u00eas de maio, quando a precipita\u00e7\u00e3o est\u00e1 ausente e n\u00e3o arrefece a superf\u00edcie, acaba por criar uma falsa sensa\u00e7\u00e3o de seguran\u00e7a. Isto porque, existe a possibilidade de que <strong>os raios<\/strong>, ao atingirem solo seco ou \u00e1rvores, sejam <strong>u<\/strong><strong>ma das principais causas da igni\u00e7\u00e3o de fogos florestais<\/strong>.<\/p>\n<p>Al\u00e9m disto, por mais dispersas ou isoladas que sejas, os raios nunca deixam de ser descargas el\u00e9tricas poderosas, constituindo, por isso, <strong>um perigo para as pessoas, especialmente quando estas est\u00e3o em espa\u00e7os abertos ou por debaixo de \u00e1rvores isoladas<\/strong>.<\/p>\n<p><a class=\"imagen \" href=\"https:\/\/www.tempo.pt\/noticias\/ciencia\/conselhos-protecao-contra-impactos-relampago.html\" title=\"Dec\u00e1logo de prote\u00e7\u00e3o para evitar impactos de rel\u00e2mpagos\" rel=\"nofollow noopener\" target=\"_blank\"><img decoding=\"async\" fetchpriority=\"low\" class=\"lazy img-body non-editable\" src=\"https:\/\/www.europesays.com\/pt\/wp-content\/uploads\/2026\/05\/decalogo-de-proteccion-contra-el-rayo-273241-1_320.jpg\"  width=\"320\" height=\"225\"\/><\/a><\/p>\n<p>Quando h\u00e1 \u00e1rvores isoladas e as pessoas procuram abrigo junto destas, trata-se de um <strong>perigo <\/strong>que deve mesmo ser evitado. Os raios procuram o caminho mais curto para descarregar a eletricidade no solo, e <strong>uma \u00e1rvore isolada destaca-se facilmente no solo, funcionando como um p\u00e1ra-raios natural<\/strong>.<\/p>\n<p>Caso esteja ao p\u00e9 da \u00e1rvore, pode n\u00e3o s\u00f3 sujeitar-se \u00e0 eletricidade gerada pelos raios, como tamb\u00e9m \u00e0 <strong>proje\u00e7\u00e3o de lascas perigosas geradas pela explos\u00e3o que ocorre no tronco da \u00e1rvore<\/strong>. N\u00e3o existindo \u00e1rvores ou outras infraestruturas elevadas, o corpo humano torna-se um alvo f\u00e1cil, pois <strong>passa a ser o ponto mais alto da \u00e1rea<\/strong>. <\/p>\n","protected":false},"excerpt":{"rendered":"Trovoadas previstas para o Norte e Centro de Portugal continental nos pr\u00f3ximos dois dias. Conhe\u00e7a os riscos da&hellip;\n","protected":false},"author":2,"featured_media":395726,"comment_status":"","ping_status":"","sticky":false,"template":"","format":"standard","meta":{"footnotes":"","_share_on_mastodon":"0"},"categories":[10],"tags":[27,28,15,16,14,2830,25,26,21,22,606,12,13,19,20,65548,32,1429,23,24,33,24337,7069,4116,17,18,7067,65547,29,30,31],"class_list":["post-395725","post","type-post","status-publish","format-standard","has-post-thumbnail","category-portugal","tag-breaking-news","tag-breakingnews","tag-featured-news","tag-featurednews","tag-headlines","tag-incendios","tag-latest-news","tag-latestnews","tag-main-news","tag-mainnews","tag-meteorologia","tag-news","tag-noticias","tag-noticias-principais","tag-noticiasprincipais","tag-perigo-de-incendio-rural","tag-portugal","tag-previsao-do-tempo","tag-principais-noticias","tag-principaisnoticias","tag-pt","tag-relampagos","tag-tempo-para-amanha","tag-tempo-proximos-dias","tag-top-stories","tag-topstories","tag-trovoada","tag-trovoada-seca","tag-ultimas","tag-ultimas-noticias","tag-ultimasnoticias"],"share_on_mastodon":{"url":"","error":"Validation failed: Text character limit of 500 exceeded"},"_links":{"self":[{"href":"https:\/\/www.europesays.com\/pt\/wp-json\/wp\/v2\/posts\/395725","targetHints":{"allow":["GET"]}}],"collection":[{"href":"https:\/\/www.europesays.com\/pt\/wp-json\/wp\/v2\/posts"}],"about":[{"href":"https:\/\/www.europesays.com\/pt\/wp-json\/wp\/v2\/types\/post"}],"author":[{"embeddable":true,"href":"https:\/\/www.europesays.com\/pt\/wp-json\/wp\/v2\/users\/2"}],"replies":[{"embeddable":true,"href":"https:\/\/www.europesays.com\/pt\/wp-json\/wp\/v2\/comments?post=395725"}],"version-history":[{"count":0,"href":"https:\/\/www.europesays.com\/pt\/wp-json\/wp\/v2\/posts\/395725\/revisions"}],"wp:featuredmedia":[{"embeddable":true,"href":"https:\/\/www.europesays.com\/pt\/wp-json\/wp\/v2\/media\/395726"}],"wp:attachment":[{"href":"https:\/\/www.europesays.com\/pt\/wp-json\/wp\/v2\/media?parent=395725"}],"wp:term":[{"taxonomy":"category","embeddable":true,"href":"https:\/\/www.europesays.com\/pt\/wp-json\/wp\/v2\/categories?post=395725"},{"taxonomy":"post_tag","embeddable":true,"href":"https:\/\/www.europesays.com\/pt\/wp-json\/wp\/v2\/tags?post=395725"}],"curies":[{"name":"wp","href":"https:\/\/api.w.org\/{rel}","templated":true}]}}