{"id":39575,"date":"2025-08-22T01:03:15","date_gmt":"2025-08-22T01:03:15","guid":{"rendered":"https:\/\/www.europesays.com\/pt\/39575\/"},"modified":"2025-08-22T01:03:15","modified_gmt":"2025-08-22T01:03:15","slug":"leia-grupo-a-hora","status":"publish","type":"post","link":"https:\/\/www.europesays.com\/pt\/39575\/","title":{"rendered":"LEIA &#8211; Grupo A Hora"},"content":{"rendered":"<p class=\"post__linha-cd\">&#13;<br \/>\n\t\t\t\t\t\t\t\tFESTA LITER\u00c1RIA&#13;<br \/>\n\t\t\t\t\t\t\t\t17 de Agosto de 2025&#13;\n\t\t\t<\/p>\n<p>\t\t\tCom 29 mil pessoas e 10 mil livros vendidos, Feira do Livro faz hist\u00f3ria em Lajeado<\/p>\n<p>N\u00fameros expressivos marcaram a 19\u00aa edi\u00e7\u00e3o, que transformou a Pra\u00e7a da Matriz em palco de cultura, encontro e v&#8230;<\/p>\n<p>\t\t\t\t\t\t17\/08\/2025<\/p>\n<p class=\"post__data-hora\">FESTA LITER\u00c1RIA<strong>17 AGO<\/strong>18h07min<\/p>\n<p class=\"post__cta\">Continue lendo<\/p>\n","protected":false},"excerpt":{"rendered":"&#13; FESTA LITER\u00c1RIA&#13; 17 de Agosto de 2025&#13; Com 29 mil pessoas e 10 mil livros vendidos, Feira&hellip;\n","protected":false},"author":2,"featured_media":39576,"comment_status":"","ping_status":"","sticky":false,"template":"","format":"standard","meta":{"footnotes":""},"categories":[143],"tags":[169,114,115,170,32,33],"class_list":{"0":"post-39575","1":"post","2":"type-post","3":"status-publish","4":"format-standard","5":"has-post-thumbnail","7":"category-livros","8":"tag-books","9":"tag-entertainment","10":"tag-entretenimento","11":"tag-livros","12":"tag-portugal","13":"tag-pt"},"share_on_mastodon":{"url":"","error":""},"_links":{"self":[{"href":"https:\/\/www.europesays.com\/pt\/wp-json\/wp\/v2\/posts\/39575","targetHints":{"allow":["GET"]}}],"collection":[{"href":"https:\/\/www.europesays.com\/pt\/wp-json\/wp\/v2\/posts"}],"about":[{"href":"https:\/\/www.europesays.com\/pt\/wp-json\/wp\/v2\/types\/post"}],"author":[{"embeddable":true,"href":"https:\/\/www.europesays.com\/pt\/wp-json\/wp\/v2\/users\/2"}],"replies":[{"embeddable":true,"href":"https:\/\/www.europesays.com\/pt\/wp-json\/wp\/v2\/comments?post=39575"}],"version-history":[{"count":0,"href":"https:\/\/www.europesays.com\/pt\/wp-json\/wp\/v2\/posts\/39575\/revisions"}],"wp:featuredmedia":[{"embeddable":true,"href":"https:\/\/www.europesays.com\/pt\/wp-json\/wp\/v2\/media\/39576"}],"wp:attachment":[{"href":"https:\/\/www.europesays.com\/pt\/wp-json\/wp\/v2\/media?parent=39575"}],"wp:term":[{"taxonomy":"category","embeddable":true,"href":"https:\/\/www.europesays.com\/pt\/wp-json\/wp\/v2\/categories?post=39575"},{"taxonomy":"post_tag","embeddable":true,"href":"https:\/\/www.europesays.com\/pt\/wp-json\/wp\/v2\/tags?post=39575"}],"curies":[{"name":"wp","href":"https:\/\/api.w.org\/{rel}","templated":true}]}}