{"id":39577,"date":"2025-08-22T01:04:12","date_gmt":"2025-08-22T01:04:12","guid":{"rendered":"https:\/\/www.europesays.com\/pt\/39577\/"},"modified":"2025-08-22T01:04:12","modified_gmt":"2025-08-22T01:04:12","slug":"olivia-ressurge-e-dona-rosa-sofre-demais-em-um-capitulo","status":"publish","type":"post","link":"https:\/\/www.europesays.com\/pt\/39577\/","title":{"rendered":"Ol\u00edvia ressurge e dona Rosa sofre demais em um cap\u00edtulo"},"content":{"rendered":"<p itemprop=\"description\" class=\"bullet mt-0\" data-v-232111b4=\"\"><strong>Jaques sonha com Ol\u00edvia, a esposa de Abel, tamb\u00e9m j\u00e1 falecida, e que se envolveu com o cunhado. <\/strong>A mo\u00e7a vem \u00e0 tona na hist\u00f3ria, uma vez que Jaques descobre que Abel \u00e9 est\u00e9ril e ele pode ser pai de Ayla e Davi, at\u00e9 ent\u00e3o filhos do irm\u00e3o.<\/p>\n<p itemprop=\"description\" class=\"bullet\" data-v-232111b4=\"\"><strong>Comparsa do vil\u00e3o, Danilo alerta Jaques sobre a movimenta\u00e7\u00e3o das funcion\u00e1rias da Boaz. <\/strong>Mais tarde, Sofia incentiva Samuel a pedir Leo em namoro. <\/p>\n<p itemprop=\"description\" class=\"bullet\" data-v-232111b4=\"\"><strong>Samuel comenta com Rosa as atitudes de Jaques na f\u00e1brica. <\/strong>Com a ajuda de Filipa, Leo, Sofia e Denise, Rosa organiza um baile igual ao de sua juventude. No entanto, no fim do cap\u00edtulo, Rosa confunde Jaques com Josef.<\/p>\n<p itemprop=\"description\" class=\"bullet\" data-v-232111b4=\"\">A novela &#8220;Dona de Mim&#8221;, escrita por Rosane Svartman, vai ao ar de segunda a s\u00e1bado, \u00e0s 19h30, na Globo. Confira o <a href=\"https:\/\/www.uol.com.br\/splash\/novelas\/dona-de-mim-resumo-dos-capitulos-da-novela-da-globo.htm\" target=\"_blank\" rel=\"nofollow noopener\">resumo completo dos cap\u00edtulos aqui.<\/a><\/p>\n","protected":false},"excerpt":{"rendered":"Jaques sonha com Ol\u00edvia, a esposa de Abel, tamb\u00e9m j\u00e1 falecida, e que se envolveu com o cunhado.&hellip;\n","protected":false},"author":2,"featured_media":39578,"comment_status":"","ping_status":"","sticky":false,"template":"","format":"standard","meta":{"footnotes":""},"categories":[142],"tags":[114,115,32,33,151],"class_list":{"0":"post-39577","1":"post","2":"type-post","3":"status-publish","4":"format-standard","5":"has-post-thumbnail","7":"category-tv","8":"tag-entertainment","9":"tag-entretenimento","10":"tag-portugal","11":"tag-pt","12":"tag-tv"},"share_on_mastodon":{"url":"","error":""},"_links":{"self":[{"href":"https:\/\/www.europesays.com\/pt\/wp-json\/wp\/v2\/posts\/39577","targetHints":{"allow":["GET"]}}],"collection":[{"href":"https:\/\/www.europesays.com\/pt\/wp-json\/wp\/v2\/posts"}],"about":[{"href":"https:\/\/www.europesays.com\/pt\/wp-json\/wp\/v2\/types\/post"}],"author":[{"embeddable":true,"href":"https:\/\/www.europesays.com\/pt\/wp-json\/wp\/v2\/users\/2"}],"replies":[{"embeddable":true,"href":"https:\/\/www.europesays.com\/pt\/wp-json\/wp\/v2\/comments?post=39577"}],"version-history":[{"count":0,"href":"https:\/\/www.europesays.com\/pt\/wp-json\/wp\/v2\/posts\/39577\/revisions"}],"wp:featuredmedia":[{"embeddable":true,"href":"https:\/\/www.europesays.com\/pt\/wp-json\/wp\/v2\/media\/39578"}],"wp:attachment":[{"href":"https:\/\/www.europesays.com\/pt\/wp-json\/wp\/v2\/media?parent=39577"}],"wp:term":[{"taxonomy":"category","embeddable":true,"href":"https:\/\/www.europesays.com\/pt\/wp-json\/wp\/v2\/categories?post=39577"},{"taxonomy":"post_tag","embeddable":true,"href":"https:\/\/www.europesays.com\/pt\/wp-json\/wp\/v2\/tags?post=39577"}],"curies":[{"name":"wp","href":"https:\/\/api.w.org\/{rel}","templated":true}]}}