{"id":395972,"date":"2026-05-26T20:01:18","date_gmt":"2026-05-26T20:01:18","guid":{"rendered":"https:\/\/www.europesays.com\/pt\/395972\/"},"modified":"2026-05-26T20:01:18","modified_gmt":"2026-05-26T20:01:18","slug":"novo-byd-dolphin-g-dm-i-chega-a-europa-com-uma-autonomia-combinada-de-1000-km","status":"publish","type":"post","link":"https:\/\/www.europesays.com\/pt\/395972\/","title":{"rendered":"Novo BYD DOLPHIN G DM-i chega \u00e0 Europa com uma autonomia combinada de 1000 km"},"content":{"rendered":"<p>Com um cat\u00e1logo cada vez mais robusto na Europa, a BYD apresenta, agora, o DOLPHIN G DM-i, uma proposta descrita como &#8220;revolucion\u00e1ria&#8221; no segmento B europeu. De dimens\u00f5es compactas, oferece uma autonomia combinada superior a 1000 km.<\/p>\n<p><a target=\"_blank\" href=\"https:\/\/pplware.sapo.pt\/wp-content\/uploads\/2026\/05\/BYD-DOLPHIN-G-DM-i1.jpg\" onclick=\"refreshIframe()\" class=\"foobox\" rel=\"nofollow noopener\"><img fetchpriority=\"high\" decoding=\"async\" src=\"https:\/\/www.europesays.com\/pt\/wp-content\/uploads\/2026\/05\/BYD-DOLPHIN-G-DM-i1-720x405.jpg\" alt=\"\" width=\"720\" height=\"405\" class=\"aligncenter size-medium wp-image-1121222\"  \/><\/a>\n<\/p>\n<p>Concebido para clientes que procuram um ve\u00edculo compacto acess\u00edvel que combine a <strong>capacidade de emiss\u00f5es zero de uma viatura 100% el\u00e9trica com a flexibilidade de um h\u00edbrido<\/strong> para percorrer longas dist\u00e2ncias, o DOLPHIN G DM-i est\u00e1 a caminho da Europa.<\/p>\n<p>Equipado com a inovadora tecnologia <strong>Super H\u00edbrida Plug-in da BYD com Dual Mode (DM)<\/strong>, o DOLPHIN G DM-i combina dimens\u00f5es compactas, a praticidade de uma viatura familiar e a capacidade de realizar as desloca\u00e7\u00f5es di\u00e1rias apenas com energia el\u00e9trica.<\/p>\n<p><a target=\"_blank\" href=\"https:\/\/pplware.sapo.pt\/wp-content\/uploads\/2026\/05\/BYD-DOLPHIN-G-DM-i3.jpg\" onclick=\"refreshIframe()\" class=\"foobox\" rel=\"nofollow noopener\"><img loading=\"lazy\" decoding=\"async\" src=\"https:\/\/www.europesays.com\/pt\/wp-content\/uploads\/2026\/05\/BYD-DOLPHIN-G-DM-i3-720x405.jpg\" alt=\"BYD DOLPHIN G DM-i\" width=\"720\" height=\"405\" class=\"aligncenter size-medium wp-image-1121225\"  \/><\/a><\/p>\n<p>O sistema Super H\u00edbrido Plug-in da <a target=\"_blank\" href=\"https:\/\/pplware.sapo.pt\/tag\/byd\/\" rel=\"nofollow noopener\">BYD<\/a> proporciona uma <strong>experi\u00eancia de condu\u00e7\u00e3o el\u00e9trica<\/strong>, com uma acelera\u00e7\u00e3o forte e suave gra\u00e7as ao seu motor el\u00e9trico dianteiro.<\/p>\n<p>Em viagens mais longas, o DOLPHIN G DM-i <strong>gere de forma inteligente o seu sistema h\u00edbrido<\/strong> para ultrapassar as limita\u00e7\u00f5es dos citadinos convencionais com motor de combust\u00e3o interna, <strong>atingindo mais de 1000 km de autonomia<\/strong> com uma carga completa e um dep\u00f3sito cheio.<\/p>\n<p><a target=\"_blank\" href=\"https:\/\/pplware.sapo.pt\/wp-content\/uploads\/2026\/05\/BYD-DOLPHIN-G-DM-i2.jpg\" onclick=\"refreshIframe()\" class=\"foobox\" rel=\"nofollow noopener\"><img loading=\"lazy\" decoding=\"async\" src=\"https:\/\/www.europesays.com\/pt\/wp-content\/uploads\/2026\/05\/BYD-DOLPHIN-G-DM-i2-720x405.jpg\" alt=\"BYD DOLPHIN G DM-i\" width=\"720\" height=\"405\" class=\"aligncenter size-medium wp-image-1121224\"  \/><\/a><\/p>\n<p>Primeiro BYD criado para os mercados internacionais<\/p>\n<p>Sendo o primeiro autom\u00f3vel desenvolvido pela BYD especificamente para os mercados internacionais, incluindo a Europa, o BYD DOLPHIN G DM-i representa um <strong>avan\u00e7o na acessibilidade \u00e0 mobilidade sustent\u00e1vel<\/strong>, e as suas dimens\u00f5es (4,16 m de comprimento, 1,825 m de largura) colocam-no diretamente no centro do <strong>segmento B europeu<\/strong>.<\/p>\n<blockquote>\n<p>O segmento B europeu \u00e9 um dos mais importantes do mercado e, com o DOLPHIN G DM-i, queremos redefinir o que os clientes podem esperar de um autom\u00f3vel compacto na era el\u00e9trica.<\/p>\n<p>Ao integrar uma excelente autonomia el\u00e9trica, tecnologia h\u00edbrida inteligente e funcionalidades digitais avan\u00e7adas num ve\u00edculo compacto acess\u00edvel, estamos a tornar a mobilidade sustent\u00e1vel mais inteligente, mais pr\u00e1tica e dispon\u00edvel para muito mais pessoas em toda a Europa.<\/p>\n<\/blockquote>\n<p>Explicou Stella Li, vice-presidente executiva da BYD.<\/p>\n<p><a target=\"_blank\" href=\"https:\/\/pplware.sapo.pt\/wp-content\/uploads\/2026\/05\/BYD-DOLPHIN-G-DM-i4.jpg\" onclick=\"refreshIframe()\" class=\"foobox\" rel=\"nofollow noopener\"><img loading=\"lazy\" decoding=\"async\" src=\"https:\/\/www.europesays.com\/pt\/wp-content\/uploads\/2026\/05\/BYD-DOLPHIN-G-DM-i4-720x405.jpg\" alt=\"BYD DOLPHIN G DM-i\" width=\"720\" height=\"405\" class=\"aligncenter size-medium wp-image-1121226\"  \/><\/a><\/p>\n<p>Disponibilidade<\/p>\n<p>O BYD DOLPHIN G DM-i ficar\u00e1 dispon\u00edvel para venda nos mercados europeus nas <strong>pr\u00f3ximas semanas<\/strong>, estando as primeiras entregas previstas para o final do ver\u00e3o.<\/p>\n<p>Em Portugal, o modelo estar\u00e1 dispon\u00edvel para venda e test-drives em todos os Concession\u00e1rios oficiais da BYD j\u00e1 no <strong>in\u00edcio de julho<\/strong>.<\/p>\n<p>Os n\u00edveis completos de equipamento e as especifica\u00e7\u00f5es t\u00e9cnicas ser\u00e3o divulgados entretanto.<\/p>\n","protected":false},"excerpt":{"rendered":"Com um cat\u00e1logo cada vez mais robusto na Europa, a BYD apresenta, agora, o DOLPHIN G DM-i, uma&hellip;\n","protected":false},"author":2,"featured_media":395973,"comment_status":"","ping_status":"","sticky":false,"template":"","format":"standard","meta":{"footnotes":"","_share_on_mastodon":"0"},"categories":[83],"tags":[88,3895,65577,89,90,32,33],"class_list":["post-395972","post","type-post","status-publish","format-standard","has-post-thumbnail","category-empresas","tag-business","tag-byd","tag-byd-dolphin-g-dm-i","tag-economy","tag-empresas","tag-portugal","tag-pt"],"share_on_mastodon":{"url":"https:\/\/pubeurope.com\/@pt\/116642663488018635","error":""},"_links":{"self":[{"href":"https:\/\/www.europesays.com\/pt\/wp-json\/wp\/v2\/posts\/395972","targetHints":{"allow":["GET"]}}],"collection":[{"href":"https:\/\/www.europesays.com\/pt\/wp-json\/wp\/v2\/posts"}],"about":[{"href":"https:\/\/www.europesays.com\/pt\/wp-json\/wp\/v2\/types\/post"}],"author":[{"embeddable":true,"href":"https:\/\/www.europesays.com\/pt\/wp-json\/wp\/v2\/users\/2"}],"replies":[{"embeddable":true,"href":"https:\/\/www.europesays.com\/pt\/wp-json\/wp\/v2\/comments?post=395972"}],"version-history":[{"count":0,"href":"https:\/\/www.europesays.com\/pt\/wp-json\/wp\/v2\/posts\/395972\/revisions"}],"wp:featuredmedia":[{"embeddable":true,"href":"https:\/\/www.europesays.com\/pt\/wp-json\/wp\/v2\/media\/395973"}],"wp:attachment":[{"href":"https:\/\/www.europesays.com\/pt\/wp-json\/wp\/v2\/media?parent=395972"}],"wp:term":[{"taxonomy":"category","embeddable":true,"href":"https:\/\/www.europesays.com\/pt\/wp-json\/wp\/v2\/categories?post=395972"},{"taxonomy":"post_tag","embeddable":true,"href":"https:\/\/www.europesays.com\/pt\/wp-json\/wp\/v2\/tags?post=395972"}],"curies":[{"name":"wp","href":"https:\/\/api.w.org\/{rel}","templated":true}]}}