{"id":39599,"date":"2025-08-22T01:25:10","date_gmt":"2025-08-22T01:25:10","guid":{"rendered":"https:\/\/www.europesays.com\/pt\/39599\/"},"modified":"2025-08-22T01:25:10","modified_gmt":"2025-08-22T01:25:10","slug":"pittol-no-topo-novamente-tradicao-excelencia-e-memoria-catarinense-radio-rural","status":"publish","type":"post","link":"https:\/\/www.europesays.com\/pt\/39599\/","title":{"rendered":"PITTOL NO TOPO NOVAMENTE: Tradi\u00e7\u00e3o, excel\u00eancia e mem\u00f3ria Catarinense! &#8211; R\u00e1dio Rural"},"content":{"rendered":"<ol>\n<li><a href=\"https:\/\/news.google.com\/rss\/articles\/CBMiwAFBVV95cUxOM3c3RmJZNG9RQldET2NhTFFhOUJFLXNqQTNYd1RTZ1MyVTRoMHRNU0VIZkZSaTRkcHdEQ2JoMXJTalV1QzRLalFHblNoSHBraEZ3am5fY1lrVDRiZld0cnlnNDQxM2dRYUJUSjRuQXNIRlU4YXo0ZjUwSEU4R1hnQmZLdjNrQWFBM090Wk5HSFhyTGZSdVFnazd4aUJYTTRTdkdiYXVOaGJIcnFaaGhhVTNaWHl6eHlWeWtVaHkzS3Q?oc=5\" target=\"_blank\" rel=\"nofollow noopener\">PITTOL NO TOPO NOVAMENTE: Tradi\u00e7\u00e3o, excel\u00eancia e mem\u00f3ria Catarinense!<\/a>&nbsp;&nbsp;R\u00e1dio Rural<\/li>\n<li><a href=\"https:\/\/news.google.com\/rss\/articles\/CBMiuAFBVV95cUxONzJrQy1BZGdUWjVQZTZFTC1PMFJCSi1GcXdlbXhNeXQyclJMeU9YTURIWWwxMEJfempGZmVOYTJLVVVJbE9kYjNla0M3akcwUjRTRW16TlVjZkF1UzdxN2ZwenhwdUo1eEYtN2l3ZUpMbmtUWnVtVUtUN2lEU2JYc1lrZ3VKbGJRMFVFTmhGZ0xfNVR6RzQ2aS1NVVJkS19QR1M2SVcxV0pWZjluYzdoU256TERPSVky?oc=5\" target=\"_blank\" rel=\"nofollow noopener\">Top of Mind 2025 reconhece as marcas mais lembradas de SC em noite de celebra\u00e7\u00e3o<\/a>&nbsp;&nbsp;NSC Total<\/li>\n<li><a href=\"https:\/\/news.google.com\/rss\/articles\/CBMiqgFBVV95cUxOd2ZiT0tkcG5uTURlbTIxSFlITnFOelNtakc4SGFkbkJXbjVWSW1XTW9IaDNBcUlQVjBFbEtsMXV3VzRVR3pLRUFHTkRDc29UaFZPN29IODAwaDRPdnNCTlVFb0x1SE1mcHRzSFdidlcyVEhsd3RuNmtwMlA0ZHd3NjlGSXJHMkpzSk5uV2JfeXhaaXZGcnA4MURUZ2FLTGk4X2xmSFNSenBtdw?oc=5\" target=\"_blank\" rel=\"nofollow noopener\">SENAI\/SC \u00e9 a marca mais lembrada quando o assunto \u00e9 educa\u00e7\u00e3o profissional<\/a>&nbsp;&nbsp;FIESC<\/li>\n<li><a href=\"https:\/\/news.google.com\/rss\/articles\/CBMib0FVX3lxTE9yYmZMNXJOeExpU3hXckp2aW9mMzU0eWJnU1JLcHYwaVRZOWtFU2RhLTcwYXhsb3ota0xaOURJdjduNVR2ckFhNmdXSUFNN3ZZVnhWMkVSRFVjdndzbEg5TWJrS29hajhrSC1fT2xuTQ?oc=5\" target=\"_blank\" rel=\"nofollow noopener\">Sicredi \u00e9 a cooperativa de cr\u00e9dito mais lembrada de Santa Catarina pelo quarto ano consecutivo<\/a>&nbsp;&nbsp;Misturebas News<\/li>\n<li><a href=\"https:\/\/news.google.com\/rss\/articles\/CBMilgFBVV95cUxNaFktTzZqaVo3RTRhWWROcDQzOHg5RXl5VEVhRVdtaUt5VjRiRk5EaGFtbkRuZmk2X3lyNUZVUnFDUHR1R0xJVGJ0Rlc5ZGpkdzFSRkdXU2MzWWc1UU1YQ2JWeWJMSXhaLTE3S3RIVFNvRmE0T2NoWFNQLTZfVjlldmZrbXVwMHVCUjRmclIxRmZzcmFRYWc?oc=5\" target=\"_blank\" rel=\"nofollow noopener\">Programa catarinense de educa\u00e7\u00e3o profissionaliza 30 mil jovens<\/a>&nbsp;&nbsp;ND Mais<\/li>\n<\/ol>\n","protected":false},"excerpt":{"rendered":"PITTOL NO TOPO NOVAMENTE: Tradi\u00e7\u00e3o, excel\u00eancia e mem\u00f3ria Catarinense!&nbsp;&nbsp;R\u00e1dio Rural Top of Mind 2025 reconhece as marcas mais&hellip;\n","protected":false},"author":2,"featured_media":39098,"comment_status":"","ping_status":"","sticky":false,"template":"","format":"standard","meta":{"footnotes":""},"categories":[141],"tags":[114,115,149,150,32,33],"class_list":{"0":"post-39599","1":"post","2":"type-post","3":"status-publish","4":"format-standard","5":"has-post-thumbnail","7":"category-musica","8":"tag-entertainment","9":"tag-entretenimento","10":"tag-music","11":"tag-musica","12":"tag-portugal","13":"tag-pt"},"share_on_mastodon":{"url":"","error":""},"_links":{"self":[{"href":"https:\/\/www.europesays.com\/pt\/wp-json\/wp\/v2\/posts\/39599","targetHints":{"allow":["GET"]}}],"collection":[{"href":"https:\/\/www.europesays.com\/pt\/wp-json\/wp\/v2\/posts"}],"about":[{"href":"https:\/\/www.europesays.com\/pt\/wp-json\/wp\/v2\/types\/post"}],"author":[{"embeddable":true,"href":"https:\/\/www.europesays.com\/pt\/wp-json\/wp\/v2\/users\/2"}],"replies":[{"embeddable":true,"href":"https:\/\/www.europesays.com\/pt\/wp-json\/wp\/v2\/comments?post=39599"}],"version-history":[{"count":0,"href":"https:\/\/www.europesays.com\/pt\/wp-json\/wp\/v2\/posts\/39599\/revisions"}],"wp:featuredmedia":[{"embeddable":true,"href":"https:\/\/www.europesays.com\/pt\/wp-json\/wp\/v2\/media\/39098"}],"wp:attachment":[{"href":"https:\/\/www.europesays.com\/pt\/wp-json\/wp\/v2\/media?parent=39599"}],"wp:term":[{"taxonomy":"category","embeddable":true,"href":"https:\/\/www.europesays.com\/pt\/wp-json\/wp\/v2\/categories?post=39599"},{"taxonomy":"post_tag","embeddable":true,"href":"https:\/\/www.europesays.com\/pt\/wp-json\/wp\/v2\/tags?post=39599"}],"curies":[{"name":"wp","href":"https:\/\/api.w.org\/{rel}","templated":true}]}}