{"id":396497,"date":"2026-05-27T09:14:16","date_gmt":"2026-05-27T09:14:16","guid":{"rendered":"https:\/\/www.europesays.com\/pt\/396497\/"},"modified":"2026-05-27T09:14:16","modified_gmt":"2026-05-27T09:14:16","slug":"andre-villas-boas-e-deco-negoceiam-transferencia-de-destaque-do-fc-porto-para-o-barcelona","status":"publish","type":"post","link":"https:\/\/www.europesays.com\/pt\/396497\/","title":{"rendered":"Andr\u00e9 Villas-Boas e Deco negoceiam transfer\u00eancia de destaque do FC Porto para o Barcelona"},"content":{"rendered":"<p>&#8211; Advertisement &#8211;<\/p>\n<p class=\"wp-block-paragraph\">O futuro de Jakub Kiwior est\u00e1 em aberto depois do surgimento do Barcelona como grande interessado no central. De acordo com o jornalista polaco Tomasz Wlodarczy, Andr\u00e9 Villas-Boas e Deco, respetivamente presidente do FC Porto e diretor desportivo do Barcelona, j\u00e1 se reuniram com vista ao neg\u00f3cio. <\/p>\n<p class=\"wp-block-paragraph\">O Barcelona tem outros defesas na shortlist para o mercado de ver\u00e3o e avalia as condi\u00e7\u00f5es necess\u00e1rias e o potencial encaixe de quatro nomes: al\u00e9m de Jakub Kiwior, tamb\u00e9m Marcos Senesi (sem clube depois do Bournemouth), Nico Schlotterbeck (Borussia Dortmund) e Alessandro Bastoni (Inter Mil\u00e3o) surgem na lista. <\/p>\n<p class=\"wp-block-paragraph\">Eleito para o <a href=\"https:\/\/bolanarede.pt\/especial-bola-na-rede\/atualidade\/jakub-kiwior-junta-se-a-diogo-costa-e-a-maxi-araujo-no-onze-do-ano-da-primeira-liga\/\" target=\"_blank\" rel=\"noreferrer noopener nofollow\">melhor onze do ano da Primeira Liga<\/a>, Jakub Kiwior fez 39 jogos na primeira \u00e9poca em Portugal. O defesa azul e branco tem 26 anos e foi <a href=\"https:\/\/bolanarede.pt\/especial-bola-na-rede\/atualidade\/jakub-kiwior-reforca-em-definitivo-o-fc-porto-ate-2030-e-passa-a-ter-clausula-de-rescisao-milionaria\/\" target=\"_blank\" rel=\"noreferrer noopener nofollow\">contratado em definitivo pelo FC Porto<\/a> por 17 milh\u00f5es de euros. <\/p>\n<blockquote class=\"twitter-tweet\" data-width=\"550\" data-dnt=\"true\">\n<p lang=\"pl\" dir=\"ltr\">\ud83d\udea8 Jakub Kiwior w Barcelonie? Zainteresowanie obro\u0144c\u0105 FC Porto jest powa\u017cne: <\/p>\n<p>\u25aa\ufe0fW ostatnich dniach rozmowy Andre Villas-Boas \u2013 Deco <br \/>\u25aa\ufe0fProfil pi\u0142karza. Dwumecz z Realem Madryt<br \/>\u25aa\ufe0fShort lista: Sensi, Schlotterbeck, Bastoni, Kiwior<a href=\"https:\/\/t.co\/isGaOkY3ss\" rel=\"nofollow\">https:\/\/t.co\/isGaOkY3ss<\/a><\/p>\n<p>\u2014 Tomasz W\u0142odarczyk (@wlodar85) <a href=\"https:\/\/twitter.com\/wlodar85\/status\/2059289847341199705?ref_src=twsrc%5Etfw\" rel=\"nofollow noopener\" target=\"_blank\">May 26, 2026<\/a><\/p><\/blockquote>\n<p><script async src=\"https:\/\/platform.twitter.com\/widgets.js\" charset=\"utf-8\"><\/script><\/p>\n","protected":false},"excerpt":{"rendered":"&#8211; Advertisement &#8211; O futuro de Jakub Kiwior est\u00e1 em aberto depois do surgimento do Barcelona como grande&hellip;\n","protected":false},"author":2,"featured_media":396498,"comment_status":"","ping_status":"","sticky":false,"template":"","format":"standard","meta":{"footnotes":"","_share_on_mastodon":"0"},"categories":[87],"tags":[3073,260,1235,5798,135,478,282,5924,5705,32,479,33,134],"class_list":["post-396497","post","type-post","status-publish","format-standard","has-post-thumbnail","category-desporto","tag-andre-villas-boas","tag-atualidade","tag-barcelona","tag-deco","tag-desporto","tag-destaques-bnr","tag-fc-porto","tag-jakub-kiwior","tag-la-liga","tag-portugal","tag-primeira-liga","tag-pt","tag-sports"],"share_on_mastodon":{"url":"https:\/\/pubeurope.com\/@pt\/116645780971492287","error":""},"_links":{"self":[{"href":"https:\/\/www.europesays.com\/pt\/wp-json\/wp\/v2\/posts\/396497","targetHints":{"allow":["GET"]}}],"collection":[{"href":"https:\/\/www.europesays.com\/pt\/wp-json\/wp\/v2\/posts"}],"about":[{"href":"https:\/\/www.europesays.com\/pt\/wp-json\/wp\/v2\/types\/post"}],"author":[{"embeddable":true,"href":"https:\/\/www.europesays.com\/pt\/wp-json\/wp\/v2\/users\/2"}],"replies":[{"embeddable":true,"href":"https:\/\/www.europesays.com\/pt\/wp-json\/wp\/v2\/comments?post=396497"}],"version-history":[{"count":0,"href":"https:\/\/www.europesays.com\/pt\/wp-json\/wp\/v2\/posts\/396497\/revisions"}],"wp:featuredmedia":[{"embeddable":true,"href":"https:\/\/www.europesays.com\/pt\/wp-json\/wp\/v2\/media\/396498"}],"wp:attachment":[{"href":"https:\/\/www.europesays.com\/pt\/wp-json\/wp\/v2\/media?parent=396497"}],"wp:term":[{"taxonomy":"category","embeddable":true,"href":"https:\/\/www.europesays.com\/pt\/wp-json\/wp\/v2\/categories?post=396497"},{"taxonomy":"post_tag","embeddable":true,"href":"https:\/\/www.europesays.com\/pt\/wp-json\/wp\/v2\/tags?post=396497"}],"curies":[{"name":"wp","href":"https:\/\/api.w.org\/{rel}","templated":true}]}}