{"id":396555,"date":"2026-05-27T10:29:21","date_gmt":"2026-05-27T10:29:21","guid":{"rendered":"https:\/\/www.europesays.com\/pt\/396555\/"},"modified":"2026-05-27T10:29:21","modified_gmt":"2026-05-27T10:29:21","slug":"medico-do-hc-de-botucatu-explica-como-agem-as-canetas-emagrecedoras-e-alerta-para-contraindicacoes","status":"publish","type":"post","link":"https:\/\/www.europesays.com\/pt\/396555\/","title":{"rendered":"M\u00e9dico do HC de Botucatu explica como agem as canetas emagrecedoras e alerta para contraindica\u00e7\u00f5es"},"content":{"rendered":"<p>                        &#13;<br \/>\n                <a href=\"https:\/\/acontecebotucatu.com.br\/categoria\/saude\/\" style=\"color: #4ddbc3;\" rel=\"nofollow noopener\" target=\"_blank\">&#13;<br \/>\n                    &#13;<br \/>\n                    Sa\u00fade                <\/a>&#13;<\/p>\n<p>            <img decoding=\"async\" class=\"lazy\" src=\"https:\/\/www.europesays.com\/pt\/wp-content\/uploads\/2026\/05\/calendar.png\" alt=\"M\u00e9dico do HC de Botucatu explica como agem as canetas emagrecedoras e alerta para contraindica\u00e7\u00f5es\"\/> 27 maio 2026<\/p>\n<p>Adriano Francisco de Marchi Jr, especialista da Unesp, alerta para contraindica\u00e7\u00f5es e destaca benef\u00edcios do medicamento al\u00e9m da perda de peso.<\/p>\n<p><img loading=\"lazy\" decoding=\"async\" width=\"800\" height=\"450\" src=\"https:\/\/www.europesays.com\/pt\/wp-content\/uploads\/2026\/05\/Adriano_PODHCBotucatu.jpg_SITE.jpg\" alt=\"\" class=\"wp-image-274451 lazy\"  data-\/><\/p>\n<p>As chamadas \u201ccanetas emagrecedoras\u201d t\u00eam ganhado cada vez mais espa\u00e7o entre os brasileiros. Uma pesquisa nacional recente aponta que um em cada tr\u00eas domic\u00edlios no pa\u00eds declara ter um morador que utiliza ou j\u00e1 utilizou esse tipo de medicamento.<\/p>\n<p>Mas afinal, como essas canetas agem no organismo? Segundo o m\u00e9dico endocrinologista do Hospital das Cl\u00ednicas da Faculdade de Medicina de Botucatu da Unesp (HCFMB), Adriano Francisco de Marchi Jr, o medicamento atua prolongando a sensa\u00e7\u00e3o de saciedade no corpo humano.<\/p>\n<blockquote class=\"wp-block-quote\">\n<p>\u201cToda vez que ingerimos uma refei\u00e7\u00e3o, o alimento chega ao intestino e o organismo libera um horm\u00f4nio que avisa o c\u00e9rebro que \u00e9 hora de parar de comer. Esse horm\u00f4nio dura cerca de dois minutos. O que a ind\u00fastria farmac\u00eautica fez foi aumentar esse tempo para cerca de 157 horas\u201d, explica o especialista.<\/p>\n<\/blockquote>\n<p>De acordo com o endocrinologista, o medicamento utiliza um horm\u00f4nio j\u00e1 produzido naturalmente pelo corpo humano, mas sintetizado em laborat\u00f3rio para prolongar seus efeitos.<\/p>\n<p>Al\u00e9m da perda de peso, o uso das canetas tamb\u00e9m pode trazer benef\u00edcios metab\u00f3licos. Segundo De Marchi, o horm\u00f4nio melhora a produ\u00e7\u00e3o de insulina e glucagon, reduz o esvaziamento g\u00e1strico e diminui a vontade de se alimentar.<\/p>\n<blockquote class=\"wp-block-quote\">\n<p>\u201cO que n\u00f3s vemos \u00e9 a perda de peso, mas dentro do organismo est\u00e1 acontecendo muita coisa, como melhora do metabolismo e dos n\u00edveis de glicose\u201d, destaca.<\/p>\n<\/blockquote>\n<p>Apesar da populariza\u00e7\u00e3o do medicamento, o especialista alerta que o uso n\u00e3o \u00e9 indicado para qualquer pessoa. Entre as contraindica\u00e7\u00f5es est\u00e1 o hist\u00f3rico pessoal ou familiar de carcinoma medular de tireoide, um tipo raro de c\u00e2ncer.<\/p>\n<p>O m\u00e9dico tamb\u00e9m explica que alguns pacientes precisam de acompanhamento mais rigoroso devido ao risco de pancreatite. Entre eles est\u00e3o pessoas com c\u00e1lculo biliar, hist\u00f3rico anterior da doen\u00e7a, etilistas e pacientes com n\u00edveis muito altos de triglic\u00e9rides.<\/p>\n<p>A orienta\u00e7\u00e3o \u00e9 que o uso das canetas emagrecedoras aconte\u00e7a sempre com acompanhamento m\u00e9dico especializado, evitando riscos \u00e0 sa\u00fade e garantindo indica\u00e7\u00e3o adequada para cada caso.<\/p>\n<p>Confira as falas no PODHC Botucatu:\u00a0<strong><a href=\"https:\/\/www.youtube.com\/watch?v=EkS3Om_XgY0\" rel=\"nofollow noopener\" target=\"_blank\">https:\/\/www.youtube.com\/watch?v=EkS3Om_XgY0<\/a><\/strong><\/p>\n<p>                                Compartilhe esta not\u00edcia<\/p>\n","protected":false},"excerpt":{"rendered":"&#13; &#13; &#13; Sa\u00fade &#13; 27 maio 2026 Adriano Francisco de Marchi Jr, especialista da Unesp, alerta para&hellip;\n","protected":false},"author":2,"featured_media":396556,"comment_status":"","ping_status":"","sticky":false,"template":"","format":"standard","meta":{"footnotes":"","_share_on_mastodon":"0"},"categories":[86],"tags":[34837,1661,116,32,33,117,29],"class_list":["post-396555","post","type-post","status-publish","format-standard","has-post-thumbnail","category-saude","tag-botucatu","tag-destaque","tag-health","tag-portugal","tag-pt","tag-saude","tag-ultimas"],"share_on_mastodon":{"url":"https:\/\/pubeurope.com\/@pt\/116646076337892400","error":""},"_links":{"self":[{"href":"https:\/\/www.europesays.com\/pt\/wp-json\/wp\/v2\/posts\/396555","targetHints":{"allow":["GET"]}}],"collection":[{"href":"https:\/\/www.europesays.com\/pt\/wp-json\/wp\/v2\/posts"}],"about":[{"href":"https:\/\/www.europesays.com\/pt\/wp-json\/wp\/v2\/types\/post"}],"author":[{"embeddable":true,"href":"https:\/\/www.europesays.com\/pt\/wp-json\/wp\/v2\/users\/2"}],"replies":[{"embeddable":true,"href":"https:\/\/www.europesays.com\/pt\/wp-json\/wp\/v2\/comments?post=396555"}],"version-history":[{"count":0,"href":"https:\/\/www.europesays.com\/pt\/wp-json\/wp\/v2\/posts\/396555\/revisions"}],"wp:featuredmedia":[{"embeddable":true,"href":"https:\/\/www.europesays.com\/pt\/wp-json\/wp\/v2\/media\/396556"}],"wp:attachment":[{"href":"https:\/\/www.europesays.com\/pt\/wp-json\/wp\/v2\/media?parent=396555"}],"wp:term":[{"taxonomy":"category","embeddable":true,"href":"https:\/\/www.europesays.com\/pt\/wp-json\/wp\/v2\/categories?post=396555"},{"taxonomy":"post_tag","embeddable":true,"href":"https:\/\/www.europesays.com\/pt\/wp-json\/wp\/v2\/tags?post=396555"}],"curies":[{"name":"wp","href":"https:\/\/api.w.org\/{rel}","templated":true}]}}