{"id":396579,"date":"2026-05-27T10:48:20","date_gmt":"2026-05-27T10:48:20","guid":{"rendered":"https:\/\/www.europesays.com\/pt\/396579\/"},"modified":"2026-05-27T10:48:20","modified_gmt":"2026-05-27T10:48:20","slug":"joao-galamba-e-nelson-lage-na-corrida-a-lideranca-da-apren-energia","status":"publish","type":"post","link":"https:\/\/www.europesays.com\/pt\/396579\/","title":{"rendered":"Jo\u00e3o Galamba e Nelson Lage na corrida \u00e0 lideran\u00e7a da APREN &#8211; Energia"},"content":{"rendered":"<p class=\"\">&#13;<br \/>\n        O ex-secret\u00e1rio de Estado da Energia e antigo ministro das Infraestruturas, <b>Jo\u00e3o Galamba<\/b>, e o presidente da ADENE \u2014 Ag\u00eancia para a Energia, <b>Nelson Lage<\/b>, est\u00e3o entre os nomes na corrida \u00e0 presid\u00eancia da Associa\u00e7\u00e3o Portuguesa de Energias Renov\u00e1veis (APREN), avan\u00e7a esta quarta-feira o <a href=\"https:\/\/eco.sapo.pt\/2026\/05\/27\/joao-galamba-e-nelson-lage-na-calha-para-a-presidencia-da-apren\/\" target=\"_self\" rel=\"tag nofollow noopener\">ECO\/Capital Verde<\/a>. Um dos dois poder\u00e1 suceder a Pedro Amaral Jorge, que deixou a associa\u00e7\u00e3o para assumir a lideran\u00e7a do Operador do Mercado Ib\u00e9rico (OMIP e OMIE).&#13;\n    <\/p>\n<p class=\"\">&#13;<br \/>\n        Segundo a publica\u00e7\u00e3o, a APREN contratou uma empresa de recrutamento para conduzir o processo de sele\u00e7\u00e3o, estando a decis\u00e3o final nas m\u00e3os dos associados. Contactados pelo ECO, Jo\u00e3o Galamba e Nelson Lage recusaram comentar.&#13;\n    <\/p>\n<p class=\"\">&#13;<br \/>\n        Atualmente, Jo\u00e3o Galamba exerce fun\u00e7\u00f5es de consultoria na \u00e1rea da energia, incluindo na Global Wind Energy Council e na Global Renewables Alliance. J\u00e1 Nelson Lage lidera a ADENE h\u00e1 cinco anos, numa altura em que o Governo prepara a cria\u00e7\u00e3o da <a href=\"https:\/\/www.jornaldenegocios.pt\/empresas\/energia\/detalhe\/superagencia-da-energia-o-que-e-e-o-que-muda-no-sector\" target=\"_self\" rel=\"tag nofollow noopener\">Ag\u00eancia de Geologia e Energia <\/a>(AGE), organismo que dever\u00e1 integrar v\u00e1rias entidades p\u00fablicas ligadas \u00e0 energia e geologia.&#13;\n    <\/p>\n","protected":false},"excerpt":{"rendered":"&#13; O ex-secret\u00e1rio de Estado da Energia e antigo ministro das Infraestruturas, Jo\u00e3o Galamba, e o presidente da&hellip;\n","protected":false},"author":2,"featured_media":210821,"comment_status":"","ping_status":"","sticky":false,"template":"","format":"standard","meta":{"footnotes":"","_share_on_mastodon":"0"},"categories":[10],"tags":[65670,55161,27,28,15,16,7833,65669,14,34008,886,25,26,21,22,12,13,19,20,32,23,24,33,4338,16170,65668,17,18,29,30,31],"class_list":["post-396579","post","type-post","status-publish","format-standard","has-post-thumbnail","category-portugal","tag-agencia-para-a-energia","tag-apren","tag-breaking-news","tag-breakingnews","tag-featured-news","tag-featurednews","tag-geologia","tag-global-wind-energy-council","tag-headlines","tag-joao-galamba","tag-jorge","tag-latest-news","tag-latestnews","tag-main-news","tag-mainnews","tag-news","tag-noticias","tag-noticias-principais","tag-noticiasprincipais","tag-portugal","tag-principais-noticias","tag-principaisnoticias","tag-pt","tag-selecao","tag-selecao-portuguesa","tag-superintendencia-do-desenvolvimento-do-nordeste","tag-top-stories","tag-topstories","tag-ultimas","tag-ultimas-noticias","tag-ultimasnoticias"],"share_on_mastodon":{"url":"","error":"Validation failed: Text character limit of 500 exceeded"},"_links":{"self":[{"href":"https:\/\/www.europesays.com\/pt\/wp-json\/wp\/v2\/posts\/396579","targetHints":{"allow":["GET"]}}],"collection":[{"href":"https:\/\/www.europesays.com\/pt\/wp-json\/wp\/v2\/posts"}],"about":[{"href":"https:\/\/www.europesays.com\/pt\/wp-json\/wp\/v2\/types\/post"}],"author":[{"embeddable":true,"href":"https:\/\/www.europesays.com\/pt\/wp-json\/wp\/v2\/users\/2"}],"replies":[{"embeddable":true,"href":"https:\/\/www.europesays.com\/pt\/wp-json\/wp\/v2\/comments?post=396579"}],"version-history":[{"count":0,"href":"https:\/\/www.europesays.com\/pt\/wp-json\/wp\/v2\/posts\/396579\/revisions"}],"wp:featuredmedia":[{"embeddable":true,"href":"https:\/\/www.europesays.com\/pt\/wp-json\/wp\/v2\/media\/210821"}],"wp:attachment":[{"href":"https:\/\/www.europesays.com\/pt\/wp-json\/wp\/v2\/media?parent=396579"}],"wp:term":[{"taxonomy":"category","embeddable":true,"href":"https:\/\/www.europesays.com\/pt\/wp-json\/wp\/v2\/categories?post=396579"},{"taxonomy":"post_tag","embeddable":true,"href":"https:\/\/www.europesays.com\/pt\/wp-json\/wp\/v2\/tags?post=396579"}],"curies":[{"name":"wp","href":"https:\/\/api.w.org\/{rel}","templated":true}]}}