{"id":396661,"date":"2026-05-27T12:12:13","date_gmt":"2026-05-27T12:12:13","guid":{"rendered":"https:\/\/www.europesays.com\/pt\/396661\/"},"modified":"2026-05-27T12:12:13","modified_gmt":"2026-05-27T12:12:13","slug":"catarina-miranda-expoe-provas-concretas-que-tramam-afonso-leitao-e-efetivamente-grave","status":"publish","type":"post","link":"https:\/\/www.europesays.com\/pt\/396661\/","title":{"rendered":"Catarina Miranda exp\u00f5e &#8220;provas concretas&#8221; que tramam Afonso Leit\u00e3o: &#8220;\u00c9 efetivamente grave&#8221;"},"content":{"rendered":"<p>Afonso Leit\u00e3o nem sonha, mas Catarina Miranda desvinculou-se, esta segunda-feira, dia 26, de tudo o que envolve o jovem.<\/p>\n<p>Ap\u00f3s ter colocado um ponto final na respetiva rela\u00e7\u00e3o, a ribatejana esteve \u00e0 conversa com In\u00eas Morais. Na mais recente emiss\u00e3o do programa &#8220;Extra&#8221;, dedicado a &#8220;Secret Story &#8211; Desafio Final&#8221;, a comentadora acabou por revelar que teve autoriza\u00e7\u00e3o de <a href=\"https:\/\/selfie.iol.pt\/famosos\/afonso-leitao\/perante-polemica-mae-de-catarina-miranda-tem-algo-a-dizer-foi-bem-pior-o-que-ele-fez\/20260527\/6a16b660d34edcee7c64a173\" rel=\"noopener noreferrer nofollow\" target=\"_blank\">Catarina Miranda<\/a> para mostrar provas que tramam o concorrente do reality show da <a href=\"https:\/\/tvi.iol.pt\/\" rel=\"noopener noreferrer nofollow\" target=\"_blank\">TVI<\/a>.<\/p>\n<p>&#8220;N\u00e3o s\u00f3 eu como os meus colegas vimos as provas, ou seja, n\u00e3o sou aqui a \u00fanica maluquinha&#8221;, disse In\u00eas Morais.<\/p>\n<p>Ao lado, C\u00e2ndido Pereira confirmou: &#8220;Aquilo que eu vi, juntamente com os meus colegas, durante o intervalo, \u00e9 efetivamente grave. Muito grave. E justifica, de certa forma, esta postura da Catarina Miranda. Obviamente, perante aquilo que vimos, temos de estar solid\u00e1rios para com ela.&#8221;<\/p>\n<p>Marcelo Palma, que chegou a ter uma amizade forte com <a href=\"https:\/\/selfie.iol.pt\/famosos\/secret-story-desafio-final\/revelacao-forte-afonso-leitao-fez-coisas-graves-a-catarina-miranda\/20260527\/6a16bfef0cf27cac6fcf4f56\" rel=\"noopener noreferrer nofollow\" target=\"_blank\">Afonso Leit\u00e3o<\/a>, admitiu que as provas &#8220;n\u00e3o s\u00e3o bonitas&#8221;. &#8220;N\u00e3o quero alongar-me muito em rela\u00e7\u00e3o a isto. N\u00e3o vou posicionar-me. O que eu vi, realmente, \u00e9 feio e h\u00e1 provas concretas&#8221;, lamentou o comentador do reality show da TVI.<\/p>\n<p>Veja, agora, os v\u00eddeos do referido momento em &#8220;<a href=\"https:\/\/tvi.iol.pt\/secretstory\/\" rel=\"noopener noreferrer nofollow\" target=\"_blank\">Secret Story<\/a> &#8211; Desafio Final&#8221;.<\/p>\n","protected":false},"excerpt":{"rendered":"Afonso Leit\u00e3o nem sonha, mas Catarina Miranda desvinculou-se, esta segunda-feira, dia 26, de tudo o que envolve o&hellip;\n","protected":false},"author":2,"featured_media":396662,"comment_status":"","ping_status":"","sticky":false,"template":"","format":"standard","meta":{"footnotes":"","_share_on_mastodon":"0"},"categories":[142],"tags":[2031,15374,2632,15384,342,13933,6980,6338,15383,114,115,6309,20987,980,6520,8366,619,32,33,1014,1315,6985,15382,1012,6986,151,162],"class_list":["post-396661","post","type-post","status-publish","format-standard","has-post-thumbnail","category-tv","tag-afonso-leitao","tag-candido-pereira","tag-casa-dos-segredos","tag-casa-dos-segredos-desafio-final","tag-catarina-miranda","tag-comentador","tag-comentadora","tag-concorrente","tag-desafio-final","tag-entertainment","tag-entretenimento","tag-ex-concorrente","tag-extra","tag-famosos","tag-ines-morais","tag-marcelo-palma","tag-nacional","tag-portugal","tag-pt","tag-reality-show","tag-secret-story","tag-secret-story-casa-dos-segredos","tag-secret-story-desafio-final","tag-selfie","tag-ss","tag-tv","tag-tvi"],"share_on_mastodon":{"url":"https:\/\/pubeurope.com\/@pt\/116646480847634695","error":""},"_links":{"self":[{"href":"https:\/\/www.europesays.com\/pt\/wp-json\/wp\/v2\/posts\/396661","targetHints":{"allow":["GET"]}}],"collection":[{"href":"https:\/\/www.europesays.com\/pt\/wp-json\/wp\/v2\/posts"}],"about":[{"href":"https:\/\/www.europesays.com\/pt\/wp-json\/wp\/v2\/types\/post"}],"author":[{"embeddable":true,"href":"https:\/\/www.europesays.com\/pt\/wp-json\/wp\/v2\/users\/2"}],"replies":[{"embeddable":true,"href":"https:\/\/www.europesays.com\/pt\/wp-json\/wp\/v2\/comments?post=396661"}],"version-history":[{"count":0,"href":"https:\/\/www.europesays.com\/pt\/wp-json\/wp\/v2\/posts\/396661\/revisions"}],"wp:featuredmedia":[{"embeddable":true,"href":"https:\/\/www.europesays.com\/pt\/wp-json\/wp\/v2\/media\/396662"}],"wp:attachment":[{"href":"https:\/\/www.europesays.com\/pt\/wp-json\/wp\/v2\/media?parent=396661"}],"wp:term":[{"taxonomy":"category","embeddable":true,"href":"https:\/\/www.europesays.com\/pt\/wp-json\/wp\/v2\/categories?post=396661"},{"taxonomy":"post_tag","embeddable":true,"href":"https:\/\/www.europesays.com\/pt\/wp-json\/wp\/v2\/tags?post=396661"}],"curies":[{"name":"wp","href":"https:\/\/api.w.org\/{rel}","templated":true}]}}