{"id":396806,"date":"2026-05-27T14:24:02","date_gmt":"2026-05-27T14:24:02","guid":{"rendered":"https:\/\/www.europesays.com\/pt\/396806\/"},"modified":"2026-05-27T14:24:02","modified_gmt":"2026-05-27T14:24:02","slug":"sao-jose-aumenta-vagas-de-neuropediatria-para-reduzir-filas","status":"publish","type":"post","link":"https:\/\/www.europesays.com\/pt\/396806\/","title":{"rendered":"S\u00e3o Jos\u00e9 aumenta vagas de neuropediatria para reduzir filas"},"content":{"rendered":"<p>&#13;<br \/>\n                        <b>Lucas Brito<\/b><br \/>&#13;<br \/>\n                Sa\u00fade&#13;\n            <\/p>\n<p>Colaborou no texto Nei Jos\u00e9 Sant&#8217;Anna (Associa\u00e7\u00e3o Paulista para o Desenvolvimento da Medicina)<\/p>\n<p dir=\"ltr\">A Prefeitura de S\u00e3o Jos\u00e9 dos Campos ampliou a oferta de consultas em neuropediatria no Hospital Municipal Dr. Jos\u00e9 de Carvalho Florence, fortalecendo o atendimento especializado para crian\u00e7as e adolescentes da cidade.<\/p>\n<p dir=\"ltr\">A medida busca reduzir o tempo de espera de pacientes que aguardam avalia\u00e7\u00e3o e acompanhamento de condi\u00e7\u00f5es como Transtorno do Espectro Autista (TEA), atrasos no desenvolvimento, epilepsias e outras doen\u00e7as.\u00a0<\/p>\n<p dir=\"ltr\">Com 50 novas vagas mensais, a rede municipal de sa\u00fade chega a um total de 220 ofertadas por m\u00eas.<\/p>\n<p dir=\"ltr\">Entre os primeiros beneficiados est\u00e1 o adolescente Vitor, de 13 anos. Segundo a m\u00e3e dele, Daniele Costa, o agendamento trouxe al\u00edvio e esperan\u00e7a para toda a fam\u00edlia.<\/p>\n<p dir=\"ltr\">\u201cQuando ligaram para marcar, foi uma felicidade muito grande. E \u00e9 \u00f3timo saber que a Prefeitura est\u00e1 aumentando o n\u00famero de vagas, porque agora tamb\u00e9m tenho expectativa de que meu outro filho seja chamado, assim como outras fam\u00edlias que precisam\u201d, afirmou.<\/p>\n<p dir=\"ltr\"><img loading=\"lazy\" decoding=\"async\" src=\"https:\/\/www.europesays.com\/pt\/wp-content\/uploads\/2026\/05\/20260525_141640jpg.jpeg\" alt=\"\" width=\"500\" height=\"375\"\/><br \/>Vitor, ao lado da m\u00e3e, Daniele | Foto: SPDM<\/p>\n<p dir=\"ltr\">Al\u00e9m deste refor\u00e7o, a especialidade de <a rel=\"noopener nofollow\" href=\"https:\/\/www.sjc.sp.gov.br\/noticias\/2026\/marco\/05\/prefeitura-amplia-consultas-com-especialistas-em-quase-54\/\" target=\"_blank\" title=\"Mat\u00e9ria sobre o credenciamento para especialidades m\u00e9dicas\">neurologia infantil permanece com credenciamento aberto<\/a> no munic\u00edpio, permitindo a futura habilita\u00e7\u00e3o de novos prestadores interessados. S\u00e3o 1.000 consultas destinadas exclusivamente \u00e0 essa \u00e1rea, que tem registrado crescimento expressivo na demanda, impulsionada pela procura por avalia\u00e7\u00f5es e laudos relacionados a neurodiverg\u00eancias.<\/p>\n<p dir=\"ltr\">A Prefeitura tamb\u00e9m desenvolve outras a\u00e7\u00f5es para fortalecer a linha de cuidado do neurodesenvolvimento infantil, incluindo qualifica\u00e7\u00e3o dos encaminhamentos realizados pelas Unidades B\u00e1sicas de Sa\u00fade (UBSs) Resolve, reorganiza\u00e7\u00e3o dos crit\u00e9rios de prioridade cl\u00ednica e amplia\u00e7\u00e3o do suporte especializado \u00e0s equipes.<\/p>\n<p dir=\"ltr\">Essas estrat\u00e9gias refor\u00e7am o compromisso do munic\u00edpio em garantir acesso mais \u00e1gil, humanizado e eficiente aos cuidados e tratamentos.<\/p>\n<p dir=\"ltr\"><strong>Leia tamb\u00e9m:<\/strong><\/p>\n<p dir=\"ltr\"><a rel=\"noopener nofollow\" href=\"https:\/\/www.sjc.sp.gov.br\/noticias\/2026\/maio\/18\/prefeitura-amplia-tomografias-em-parceria-com-antoninho\/\" target=\"_blank\" title=\"Mat\u00e9ria sobre a amplia\u00e7\u00e3o de tomografias\">Prefeitura amplia tomografias em parceria com Antoninho<\/a><\/p>\n<p dir=\"ltr\"><a rel=\"noopener nofollow\" href=\"https:\/\/www.sjc.sp.gov.br\/noticias\/2026\/maio\/11\/prefeitura-amplia-acesso-a-mamografias-e-reduz-fila\/\" target=\"_blank\" title=\"Mat\u00e9ria sobre a amplia\u00e7\u00e3o da oferta de mamografias\" class=\"link-externo\">Prefeitura amplia acesso a mamografias e reduz fila<\/a><\/p>\n<p dir=\"ltr\"><a rel=\"noopener nofollow\" href=\"https:\/\/www.sjc.sp.gov.br\/noticias\/2026\/abril\/01\/prefeitura-reduz-fila-de-cirurgias-vasculares-em-35\/\" target=\"_blank\" title=\"Mat\u00e9ria sobre a redu\u00e7\u00e3o de filas para cirurgias vasculares\" class=\"link-externo\">Prefeitura reduz fila de cirurgias vasculares em 35%<\/a><\/p>\n<p dir=\"ltr\"><a rel=\"noopener nofollow\" href=\"https:\/\/www.sjc.sp.gov.br\/noticias\/2026\/marco\/05\/prefeitura-amplia-consultas-com-especialistas-em-quase-54\/\" target=\"_blank\" title=\"Mat\u00e9ria sobre a amplia\u00e7\u00e3o de consultas com especialistas\" class=\"link-externo\">Prefeitura amplia consultas com especialistas em quase 54%<\/a><\/p>\n<p dir=\"ltr\"><a rel=\"noopener nofollow\" href=\"https:\/\/www.sjc.sp.gov.br\/noticias\/2026\/marco\/02\/prefeitura-aumenta-vagas-de-fisioterapia-e-reduz-fila-na-rede\/\" target=\"_blank\" title=\"Mat\u00e9ria sobre a redu\u00e7\u00e3o de filas para fisioterapia\" class=\"link-externo\">Prefeitura aumenta vagas de fisioterapia e reduz fila na rede<\/a><\/p>\n<p dir=\"ltr\"><a rel=\"noopener nofollow\" href=\"https:\/\/www.sjc.sp.gov.br\/noticias\/2026\/marco\/13\/carreta-da-tomografia-inicia-atendimentos-em-sao-jose\/\" target=\"_blank\" title=\"Mat\u00e9ria sobre a carreta da tomografia\" class=\"link-externo\">Carreta da tomografia inicia atendimentos em S\u00e3o Jos\u00e9<\/a><\/p>\n<p dir=\"ltr\"><a rel=\"noopener nofollow\" href=\"https:\/\/www.sjc.sp.gov.br\/noticias\/2026\/fevereiro\/19\/credenciamento-aumenta-oferta-de-ressonancias-na-rede-publica\/\" target=\"_blank\" title=\"Mat\u00e9ria sobre o credenciamento de resson\u00e2ncias\" class=\"link-externo\">Credenciamento aumenta oferta de resson\u00e2ncias na rede p\u00fablica<\/a><\/p>\n<p dir=\"ltr\"><a rel=\"noopener nofollow\" href=\"https:\/\/www.sjc.sp.gov.br\/noticias\/2026\/janeiro\/27\/novo-credenciamento-amplia-em-70-os-exames-de-cintilografia\/\" target=\"_blank\" title=\"Mat\u00e9ria sobre o novo credenciamento para cintilografia\" class=\"link-externo\">Novo credenciamento amplia em 70% os exames de cintilografia<\/a><\/p>\n<p dir=\"ltr\"><a rel=\"noopener nofollow\" href=\"https:\/\/www.sjc.sp.gov.br\/noticias\/2026\/fevereiro\/03\/credenciamento-de-prestadoras-viabiliza-mais-medicos-nas-ubss\/\" target=\"_blank\" title=\"Mat\u00e9ria sobre o credenciamento de m\u00e9dicos nas UBSs\" class=\"link-externo\">Credenciamento de prestadoras viabiliza mais m\u00e9dicos nas UBSs<\/a><\/p>\n<p>&#13;<br \/>\n                    <strong>MAIS NOT\u00cdCIAS<\/strong><br \/>&#13;<br \/>\n                    <a href=\"https:\/\/www.sjc.sp.gov.br\/noticias\/?tema=13\" rel=\"nofollow noopener\" target=\"_blank\">Sa\u00fade<\/a>&#13;\n                <\/p>\n","protected":false},"excerpt":{"rendered":"&#13; Lucas Brito&#13; Sa\u00fade&#13; Colaborou no texto Nei Jos\u00e9 Sant&#8217;Anna (Associa\u00e7\u00e3o Paulista para o Desenvolvimento da Medicina) A&hellip;\n","protected":false},"author":2,"featured_media":396807,"comment_status":"","ping_status":"","sticky":false,"template":"","format":"standard","meta":{"footnotes":"","_share_on_mastodon":"0"},"categories":[86],"tags":[1300,116,3048,32,3046,33,3049,117,3047],"class_list":["post-396806","post","type-post","status-publish","format-standard","has-post-thumbnail","category-saude","tag-cidade","tag-health","tag-online","tag-portugal","tag-prefeitura","tag-pt","tag-so-jos-dos-campos","tag-saude","tag-servios"],"share_on_mastodon":{"url":"https:\/\/pubeurope.com\/@pt\/116647000318622764","error":""},"_links":{"self":[{"href":"https:\/\/www.europesays.com\/pt\/wp-json\/wp\/v2\/posts\/396806","targetHints":{"allow":["GET"]}}],"collection":[{"href":"https:\/\/www.europesays.com\/pt\/wp-json\/wp\/v2\/posts"}],"about":[{"href":"https:\/\/www.europesays.com\/pt\/wp-json\/wp\/v2\/types\/post"}],"author":[{"embeddable":true,"href":"https:\/\/www.europesays.com\/pt\/wp-json\/wp\/v2\/users\/2"}],"replies":[{"embeddable":true,"href":"https:\/\/www.europesays.com\/pt\/wp-json\/wp\/v2\/comments?post=396806"}],"version-history":[{"count":0,"href":"https:\/\/www.europesays.com\/pt\/wp-json\/wp\/v2\/posts\/396806\/revisions"}],"wp:featuredmedia":[{"embeddable":true,"href":"https:\/\/www.europesays.com\/pt\/wp-json\/wp\/v2\/media\/396807"}],"wp:attachment":[{"href":"https:\/\/www.europesays.com\/pt\/wp-json\/wp\/v2\/media?parent=396806"}],"wp:term":[{"taxonomy":"category","embeddable":true,"href":"https:\/\/www.europesays.com\/pt\/wp-json\/wp\/v2\/categories?post=396806"},{"taxonomy":"post_tag","embeddable":true,"href":"https:\/\/www.europesays.com\/pt\/wp-json\/wp\/v2\/tags?post=396806"}],"curies":[{"name":"wp","href":"https:\/\/api.w.org\/{rel}","templated":true}]}}