{"id":397157,"date":"2026-05-27T19:55:08","date_gmt":"2026-05-27T19:55:08","guid":{"rendered":"https:\/\/www.europesays.com\/pt\/397157\/"},"modified":"2026-05-27T19:55:08","modified_gmt":"2026-05-27T19:55:08","slug":"faustao-retira-sonda-gastrica-mas-permanece-internado-em-sao-paulo-r7-entretenimento","status":"publish","type":"post","link":"https:\/\/www.europesays.com\/pt\/397157\/","title":{"rendered":"Faust\u00e3o retira sonda g\u00e1strica, mas permanece internado em S\u00e3o Paulo \u2013 R7 Entretenimento"},"content":{"rendered":"<p><img decoding=\"async\" data-chromatic=\"ignore\" alt=\"\" class=\"c-image\" loading=\"lazy\" src=\"https:\/\/www.europesays.com\/pt\/wp-content\/uploads\/2026\/05\/JUDSRXIS5BGORGSFT243ENPAPE.jpg\"  width=\"1920\" height=\"1080\"\/>Faust\u00e3o deixa hospital de SP ap\u00f3s tratamento de infec\u00e7\u00e3o e se recupera em casa <\/p>\n<p class=\"jarvics:base-text-neutral-high-400 xovem:base-text-dark-high-400 base-text-[calc(theme(fontSize.xs)_*_var(--font-size,_1))] base-font-normal base-font-primary base-text-neutral-low-500 base-text-left\">O apresentador <a href=\"https:\/\/www.r7.com\/tudo-sobre\/faustao\/\" target=\"_self\" rel=\"nofollow noopener\" title=\"https:\/\/www.r7.com\/tudo-sobre\/faustao\/\">Fausto Silva<\/a> realizou o procedimento de retirada de uma sonda g\u00e1strica. Ele segue internado em S\u00e3o Paulo para a realiza\u00e7\u00e3o de mais exames m\u00e9dicos. A informa\u00e7\u00e3o foi divulgada nesta quarta-feira (27) pela assessoria de imprensa de Faust\u00e3o.<\/p>\n<p class=\"jarvics:base-text-neutral-high-400 xovem:base-text-dark-high-400 base-text-[calc(theme(fontSize.xs)_*_var(--font-size,_1))] base-font-normal base-font-primary base-text-neutral-low-500 base-text-left\">\u201cO protocolo da retirada da sonda g\u00e1strica foi conclu\u00eddo com sucesso. Fausto permanece no Hospital Albert Einstein apenas para a realiza\u00e7\u00e3o de um check-up complementar e outros exames de rotina. Est\u00e1 tudo bem e sob controle\u201d, afirmou a assessoria.<\/p>\n<p class=\"jarvics:base-text-neutral-high-400 xovem:base-text-dark-high-400 base-text-[calc(theme(fontSize.xs)_*_var(--font-size,_1))] base-font-normal base-font-primary base-text-neutral-low-500 base-text-left\">Faust\u00e3o, de 76 anos, foi internado nesta segunda-feira (25) no Hospital Israelita Albert Einstein, em S\u00e3o Paulo, para realizar esse procedimento. Segundo a equipe de Fausto Silva, a interna\u00e7\u00e3o j\u00e1 fazia parte de um <b>protocolo m\u00e9dico previsto desde o ano passado<\/b>.<\/p>\n<p class=\"jarvics:base-text-neutral-high-400 xovem:base-text-dark-high-400 base-text-[calc(theme(fontSize.xs)_*_var(--font-size,_1))] base-font-normal base-font-primary base-text-neutral-low-500 base-text-left\">A previs\u00e3o original era de que ele tivesse alta j\u00e1 na ter\u00e7a-feira (26).<\/p>\n<p class=\"jarvics:base-text-neutral-high-400 xovem:base-text-dark-high-400 base-text-[calc(theme(fontSize.xs)_*_var(--font-size,_1))] base-font-normal base-font-primary base-text-neutral-low-500 base-text-left\">Nos \u00faltimos anos, Faust\u00e3o enfrentou uma s\u00e9rie de problemas de sa\u00fade e est\u00e1 afastado da\u00a0<a href=\"https:\/\/www.r7.com\/tudo-sobre\/televisao\/\" rel=\"nofollow noopener\" title=\"https:\/\/www.r7.com\/tudo-sobre\/televisao\/\" target=\"_blank\">televis\u00e3o<\/a>\u00a0desde 2023. Em agosto daquele ano, ele passou por um\u00a0<a href=\"https:\/\/noticias.r7.com\/brasilia\/df-record\/video\/maria-julia-adolescente-de-16-anos-realiza-transplante-de-coracao-relembre-historia-10022026\/\" rel=\"nofollow noopener\" title=\"https:\/\/noticias.r7.com\/brasilia\/df-record\/video\/maria-julia-adolescente-de-16-anos-realiza-transplante-de-coracao-relembre-historia-10022026\/\" target=\"_blank\">transplante de cora\u00e7\u00e3o<\/a>\u00a0e, meses depois, em fevereiro de 2024, realizou tamb\u00e9m um\u00a0<a href=\"https:\/\/noticias.r7.com\/saude\/escassez-de-doadores-e-avanco-da-doenca-renal-cronica-ampliam-fila-do-transplante-de-rim-13032026\/\" rel=\"nofollow noopener\" title=\"https:\/\/noticias.r7.com\/saude\/escassez-de-doadores-e-avanco-da-doenca-renal-cronica-ampliam-fila-do-transplante-de-rim-13032026\/\" target=\"_blank\">transplante de rim<\/a>.<\/p>\n<p class=\"jarvics:base-text-neutral-high-400 xovem:base-text-dark-high-400 base-text-[calc(theme(fontSize.xs)_*_var(--font-size,_1))] base-font-normal base-font-primary base-text-neutral-low-500 base-text-left\">J\u00e1 em 2025, o apresentador foi submetido a um\u00a0<a href=\"https:\/\/record.r7.com\/fala-brasil\/video\/brasil-bate-recordes-no-transplante-de-orgaos-14022026\/\" rel=\"nofollow noopener\" title=\"https:\/\/record.r7.com\/fala-brasil\/video\/brasil-bate-recordes-no-transplante-de-orgaos-14022026\/\" target=\"_blank\">transplante de f\u00edgado<\/a>, al\u00e9m de um retransplante renal. Desde ent\u00e3o, segue em acompanhamento m\u00e9dico constante.<\/p>\n<p class=\"jarvics:base-text-neutral-high-400 xovem:base-text-dark-high-400 base-text-[calc(theme(fontSize.xs)_*_var(--font-size,_1))] base-font-normal base-font-primary base-text-neutral-low-500 base-text-left\"><b>Para saber tudo do mundo dos famosos, <\/b><a href=\"https:\/\/whatsapp.com\/channel\/0029Va9UfKcHQbRyCyhPt71R\" rel=\"nofollow noopener\" target=\"_blank\"><b>siga o canal de entretenimento do R7<\/b><\/a><b>, o portal de not\u00edcias da RECORD, no WhatsApp<\/b><\/p>\n","protected":false},"excerpt":{"rendered":"Faust\u00e3o deixa hospital de SP ap\u00f3s tratamento de infec\u00e7\u00e3o e se recupera em casa O apresentador Fausto Silva&hellip;\n","protected":false},"author":2,"featured_media":397158,"comment_status":"","ping_status":"","sticky":false,"template":"","format":"standard","meta":{"footnotes":"","_share_on_mastodon":"0"},"categories":[145],"tags":[211,210,114,115,980,6456,32,33,151],"class_list":["post-397157","post","type-post","status-publish","format-standard","has-post-thumbnail","category-celebridades","tag-celebridades","tag-celebrities","tag-entertainment","tag-entretenimento","tag-famosos","tag-faustao","tag-portugal","tag-pt","tag-tv"],"share_on_mastodon":{"url":"https:\/\/pubeurope.com\/@pt\/116648301466975838","error":""},"_links":{"self":[{"href":"https:\/\/www.europesays.com\/pt\/wp-json\/wp\/v2\/posts\/397157","targetHints":{"allow":["GET"]}}],"collection":[{"href":"https:\/\/www.europesays.com\/pt\/wp-json\/wp\/v2\/posts"}],"about":[{"href":"https:\/\/www.europesays.com\/pt\/wp-json\/wp\/v2\/types\/post"}],"author":[{"embeddable":true,"href":"https:\/\/www.europesays.com\/pt\/wp-json\/wp\/v2\/users\/2"}],"replies":[{"embeddable":true,"href":"https:\/\/www.europesays.com\/pt\/wp-json\/wp\/v2\/comments?post=397157"}],"version-history":[{"count":0,"href":"https:\/\/www.europesays.com\/pt\/wp-json\/wp\/v2\/posts\/397157\/revisions"}],"wp:featuredmedia":[{"embeddable":true,"href":"https:\/\/www.europesays.com\/pt\/wp-json\/wp\/v2\/media\/397158"}],"wp:attachment":[{"href":"https:\/\/www.europesays.com\/pt\/wp-json\/wp\/v2\/media?parent=397157"}],"wp:term":[{"taxonomy":"category","embeddable":true,"href":"https:\/\/www.europesays.com\/pt\/wp-json\/wp\/v2\/categories?post=397157"},{"taxonomy":"post_tag","embeddable":true,"href":"https:\/\/www.europesays.com\/pt\/wp-json\/wp\/v2\/tags?post=397157"}],"curies":[{"name":"wp","href":"https:\/\/api.w.org\/{rel}","templated":true}]}}