{"id":397262,"date":"2026-05-27T21:27:21","date_gmt":"2026-05-27T21:27:21","guid":{"rendered":"https:\/\/www.europesays.com\/pt\/397262\/"},"modified":"2026-05-27T21:27:21","modified_gmt":"2026-05-27T21:27:21","slug":"vai-querer-ver-daniela-santos-quebra-o-silencio-sobre-rutura-de-catarina-miranda-e-afonso-leitao","status":"publish","type":"post","link":"https:\/\/www.europesays.com\/pt\/397262\/","title":{"rendered":"Vai querer ver! Daniela Santos quebra o sil\u00eancio sobre rutura de Catarina Miranda e Afonso Leit\u00e3o"},"content":{"rendered":"<p>Est\u00e1 quase a completar um ano sobre o momento em que, no &#8220;<a href=\"https:\/\/tvi.iol.pt\/bigbrother\" rel=\"noopener noreferrer nofollow\" target=\"_blank\">Big Brother<\/a> Ver\u00e3o&#8221;, Daniela Santos e Afonso Leit\u00e3o se reencontraram, depois de uma alegada rela\u00e7\u00e3o que tiveram. No entanto, os dois sempre apresentaram vers\u00f5es diferentes sobre o que os uniu.<\/p>\n<p>Agora que a vida amorosa de Afonso Leit\u00e3o volta a estar no centro das aten\u00e7\u00f5es, na sequ\u00eancia de um comunicado em que <a href=\"https:\/\/selfie.iol.pt\/famosos\/catarina-miranda\/esta-garantia-esta-dada-catarina-miranda-faz-promessa-que-encurrala-afonso-leitao\/20260527\/6a170f2f0cf27f6588a6bf33\" rel=\"noopener noreferrer nofollow\" target=\"_blank\">Catarina Miranda<\/a> coloca um ponto final na liga\u00e7\u00e3o entre ambos, a bailarina recorreu ao X, antigo Twitter, para deixar um recado que est\u00e1 a ser interpretado como uma rea\u00e7\u00e3o \u00e0 pol\u00e9mica.<\/p>\n<p>&#8220;O tempo sempre revela a verdade&#8221;, pode ler-se.<\/p>\n<p>Afonso Leit\u00e3o permanece confinado em &#8220;<a href=\"https:\/\/tvi.iol.pt\/secretstory\/\" rel=\"noopener noreferrer nofollow\" target=\"_blank\">Secret Story<\/a> &#8211; Desafio Final&#8221;. O concorrente do reality show da <a href=\"https:\/\/tvi.iol.pt\/\" rel=\"noopener noreferrer nofollow\" target=\"_blank\">TVI<\/a> desconhece, por isso, tudo o que est\u00e1 a acontecer.<\/p>\n<p>Veja, agora, v\u00eddeos sobre a pol\u00e9mica protagonizada por <a href=\"https:\/\/selfie.iol.pt\/famosos\/catarina-miranda\/ponto-por-ponto-estas-foram-as-3-razoes-que-levaram-catarina-miranda-a-acabar-tudo-com-afonso-leitao\/20260527\/6a170bb90cf21fcd83775398\" rel=\"noopener noreferrer nofollow\" target=\"_blank\">Catarina Miranda<\/a> e Afonso Leit\u00e3o.<\/p>\n<blockquote class=\"twitter-tweet\">\n<p lang=\"pt\">\u201cO tempo sempre revela a verdade\u201d. <a href=\"https:\/\/twitter.com\/hashtag\/sstvi?src=hash&amp;ref_src=twsrc%5Etfw\" rel=\"nofollow noopener\" target=\"_blank\">#sstvi<\/a> <a href=\"https:\/\/twitter.com\/hashtag\/ole?src=hash&amp;ref_src=twsrc%5Etfw\" rel=\"nofollow noopener\" target=\"_blank\">#ole<\/a><\/p>\n<p> \u2014 Daniela Santos (@Danielacvsantos) <a href=\"https:\/\/twitter.com\/Danielacvsantos\/status\/2059609497568461056?ref_src=twsrc%5Etfw\" rel=\"nofollow noopener\" target=\"_blank\">May 27, 2026<\/a>\n<\/p><\/blockquote>\n<p>\u00a0<\/p>\n<p>                        <script async src=\"https:\/\/platform.twitter.com\/widgets.js\" charset=\"utf-8\"><\/script><\/p>\n","protected":false},"excerpt":{"rendered":"Est\u00e1 quase a completar um ano sobre o momento em que, no &#8220;Big Brother Ver\u00e3o&#8221;, Daniela Santos e&hellip;\n","protected":false},"author":2,"featured_media":397263,"comment_status":"","ping_status":"","sticky":false,"template":"","format":"standard","meta":{"footnotes":"","_share_on_mastodon":"0"},"categories":[85],"tags":[2031,12703,6308,48,1170,2632,15384,342,6338,16775,1397,15383,114,115,6309,980,619,32,33,1014,1315,6985,15382,1012,6986,162,3664],"class_list":["post-397262","post","type-post","status-publish","format-standard","has-post-thumbnail","category-entretenimento","tag-afonso-leitao","tag-bailarina","tag-bb","tag-big-brother","tag-big-brother-verao","tag-casa-dos-segredos","tag-casa-dos-segredos-desafio-final","tag-catarina-miranda","tag-concorrente","tag-dancarina","tag-daniela-santos","tag-desafio-final","tag-entertainment","tag-entretenimento","tag-ex-concorrente","tag-famosos","tag-nacional","tag-portugal","tag-pt","tag-reality-show","tag-secret-story","tag-secret-story-casa-dos-segredos","tag-secret-story-desafio-final","tag-selfie","tag-ss","tag-tvi","tag-twitter"],"share_on_mastodon":{"url":"","error":""},"_links":{"self":[{"href":"https:\/\/www.europesays.com\/pt\/wp-json\/wp\/v2\/posts\/397262","targetHints":{"allow":["GET"]}}],"collection":[{"href":"https:\/\/www.europesays.com\/pt\/wp-json\/wp\/v2\/posts"}],"about":[{"href":"https:\/\/www.europesays.com\/pt\/wp-json\/wp\/v2\/types\/post"}],"author":[{"embeddable":true,"href":"https:\/\/www.europesays.com\/pt\/wp-json\/wp\/v2\/users\/2"}],"replies":[{"embeddable":true,"href":"https:\/\/www.europesays.com\/pt\/wp-json\/wp\/v2\/comments?post=397262"}],"version-history":[{"count":0,"href":"https:\/\/www.europesays.com\/pt\/wp-json\/wp\/v2\/posts\/397262\/revisions"}],"wp:featuredmedia":[{"embeddable":true,"href":"https:\/\/www.europesays.com\/pt\/wp-json\/wp\/v2\/media\/397263"}],"wp:attachment":[{"href":"https:\/\/www.europesays.com\/pt\/wp-json\/wp\/v2\/media?parent=397262"}],"wp:term":[{"taxonomy":"category","embeddable":true,"href":"https:\/\/www.europesays.com\/pt\/wp-json\/wp\/v2\/categories?post=397262"},{"taxonomy":"post_tag","embeddable":true,"href":"https:\/\/www.europesays.com\/pt\/wp-json\/wp\/v2\/tags?post=397262"}],"curies":[{"name":"wp","href":"https:\/\/api.w.org\/{rel}","templated":true}]}}