{"id":397898,"date":"2026-05-28T11:22:27","date_gmt":"2026-05-28T11:22:27","guid":{"rendered":"https:\/\/www.europesays.com\/pt\/397898\/"},"modified":"2026-05-28T11:22:27","modified_gmt":"2026-05-28T11:22:27","slug":"secret-story-tvi-revela-conversa-exclusiva-de-catarina-miranda-com-a-ex-sogra-antes-da-bronca","status":"publish","type":"post","link":"https:\/\/www.europesays.com\/pt\/397898\/","title":{"rendered":"Secret Story. TVI revela conversa exclusiva de Catarina Miranda com a ex-sogra antes da &#8216;bronca&#8217;"},"content":{"rendered":"<p>Na emiss\u00e3o do Extra do Secret Story \u2013 Desafio Final desta madrugada, foram transmitidas imagens in\u00e9ditas de uma entrevista conjunta com Rita, m\u00e3e de Afonso Leit\u00e3o, e Catarina Miranda.<\/p>\n<p>A conversa foi gravada pelo rep\u00f3rter S\u00e9rgio Ferreira no final da gala de domingo, numa altura em que o ambiente entre a ribatejana e a fam\u00edlia do ex-namorado ainda era tranquilo.<\/p>\n<p style=\"text-align:center;margin:28px 0;\"><a href=\"https:\/\/www.google.com\/preferences\/source?q=dioguinho.com\" target=\"_blank\" rel=\"nofollow noopener\" style=\"display:inline-flex !important;align-items:center !important;gap:8px;padding:10px 18px;background:#ffffff;border:1px solid #dadce0;border-radius:999px;color:#3c4043;font-family:Roboto,Arial,sans-serif;font-size:15px;font-weight:700;text-decoration:none;line-height:1.3;box-sizing:border-box;max-width:100%;\"><img loading=\"lazy\" decoding=\"async\" title=\"Novo Fonte preferida no Google\" src=\"https:\/\/www.europesays.com\/pt\/wp-content\/uploads\/2026\/05\/1779901759_685_googleg_48dp.png\" alt=\"Google\" width=\"18\" height=\"18\" style=\"display:inline-block !important;flex-shrink:0 !important;vertical-align:middle !important;margin:0 !important;border:0 !important;width:18px !important;height:18px !important;float:none !important;\"\/>Tornar o Dioguinho a tua fonte preferida no Google<\/a><\/p>\n<p>A apresentadora Marta Cardoso explicou o contexto antes de revelar as imagens, sublinhando a mudan\u00e7a dr\u00e1stica nos acontecimentos recentes. <strong>\u201cSe calhar \u00e9 mesmo melhor para ele. No entanto, as imagens que vamos ver s\u00e3o de uma entrevista que muito gentilmente a Catarina e a m\u00e3e do Afonso, a Rita, concederam ao nosso rep\u00f3rter S\u00e9rgio Ferreira na gala do passado domingo, em que a situa\u00e7\u00e3o era totalmente diferente daquela que vivemos hoje. Na altura n\u00e3o tivemos a oportunidade de passar essas imagens, mas hoje, e at\u00e9 por conta de tudo o que tem acontecido, faz algum sentido perceber como as coisas mudam t\u00e3o r\u00e1pido\u201d,<\/strong> revelou.<\/p>\n<p>Leia tamb\u00e9m: <strong><a href=\"https:\/\/dioguinho.com\/bomba-mae-de-afonso-exige-falar-com-o-filho-antes-do-confronto-com-catarina-miranda\/\" target=\"_blank\" rel=\"noopener nofollow\">BOMBA! M\u00e3e de Afonso exige falar com o filho antes do confronto com Catarina Miranda!<\/a><\/strong><\/p>\n<p>Durante a entrevista, o rep\u00f3rter questionou as duas sobre as acusa\u00e7\u00f5es feitas pela concorrente Catarina, que afirmou que o jogo do jovem passava por amea\u00e7ar e inferiorizar os colegas. Catarina Miranda desvalorizou o assunto com ironia: <strong>\u201cMeu Deus, l\u00e1 em casa \u00e9 horr\u00edvel, \u00e9 cadeiras a voar, \u00e9 tudo. Eu acho que, a minha sogra sabe, \u00e9 rid\u00edculo estas afirma\u00e7\u00f5es\u201d.<\/strong><\/p>\n<p>Sobre a express\u00e3o <strong>\u201cn\u00e3o te estiques\u201d<\/strong> usada por Afonso, Rita esclareceu a origem familiar.<strong> \u201cEsta frase \u00e9 uma frase que vem da minha inf\u00e2ncia. O meu pai dizia muitas vezes l\u00e1 em casa para mim e para o meu irm\u00e3o, n\u00e3o te estiques que a cama \u00e9 curta e acordas com os p\u00e9s de fora. E, portanto, esta foi uma frase que eu trouxe para a minha vida e trouxe para a vida dos meus filhos e que tamb\u00e9m \u00e9 usada l\u00e1 em casa muitas vezes\u201d,<\/strong> partilhou a progenitora.<\/p>\n<p>Leia tamb\u00e9m: <strong><a href=\"https:\/\/dioguinho.com\/audiencias-quase-a-fechar-o-mes-quem-ganhou-ontem-27-maio-2026-saiba-tudo\/\" target=\"_blank\" rel=\"noopener nofollow\">Audi\u00eancias: Quase a fechar o m\u00eas, quem ganhou ontem 27 maio 2026? Saiba tudo!<\/a><\/strong><\/p>\n<p>O rep\u00f3rter abordou ainda a rela\u00e7\u00e3o de Afonso com Leandro. A ribatejana garantiu que as picardias n\u00e3o passam de uma brincadeira m\u00fatua:<strong> \u201cO Afonso \u00e9 super divertido e o Leandro tamb\u00e9m \u00e9 super divertido. Eu gosto muito da din\u00e2mica que eles t\u00eam os dois. Acho que eles s\u00e3o f\u00e3 n\u00famero um do outro. Eles \u00e9 que n\u00e3o admitem, n\u00e3o \u00e9?\u201d.<\/strong><\/p>\n<p>Em rela\u00e7\u00e3o \u00e0 defesa assumida por Jo\u00e3o Ricardo, a m\u00e3e do jovem aproveitou para criticar a postura da concorrente Catarina. <strong>\u201cAs acusa\u00e7\u00f5es que a Catarina tem feito ao Afonso s\u00e3o graves, n\u00e3o \u00e9? Portanto, eu acho que o Afonso tem muito fair play quando as pessoas lhe apontam defeitos e v\u00e3o contra ele e ele consegue interpretar aquilo como um jogo. No caso da Catarina, n\u00e3o vejo isso, porque as acusa\u00e7\u00f5es que ela utiliza s\u00e3o bandeiras graves c\u00e1 fora\u201d<\/strong>, come\u00e7ou por dizer Rita, acrescentando cr\u00edticas diretas \u00e0 presta\u00e7\u00e3o da colega do filho: <strong>\u201cE a Catarina consegue ser mais agressiva e mais expressiva do que o Afonso \u00e9. E, portanto, eu acho que a Catarina, na minha perspetiva, est\u00e1 completamente descompensada. Ela n\u00e3o sabe o que foi l\u00e1 fazer sequer. Ela \u00e9 aquele tipo de concorrente jogadora que atira o barro \u00e0 parede. Vai que cola. Mas n\u00e3o colou e a prova disso \u00e9 que ela hoje em dia \u00e9 a sombra da Liliana. Portanto, tudo o que a Liliana faz, ela tamb\u00e9m faz\u201d.<\/strong><\/p>\n<p>A reportagem terminou com S\u00e9rgio Ferreira a elogiar a sintonia entre nora e sogra. Na altura, Catarina Miranda confirmou a boa rela\u00e7\u00e3o e o objetivo comum: \u201c<strong>Acho que a Rita, como m\u00e3e, vai querer sempre o melhor para o Afonso e eu, como namorada dele, tamb\u00e9m vou querer sempre o melhor para o Afonso. Portanto, acho que a nossa prioridade neste momento vai ser sempre para o Afonso e est\u00e1-se a ver pelos resultados que estamos todos c\u00e1 fora a torcer por ele. Obrigada \u00e0 gente que votou, n\u00f3s ficamos muito agradecidas\u201d.<\/strong><\/p>\n","protected":false},"excerpt":{"rendered":"Na emiss\u00e3o do Extra do Secret Story \u2013 Desafio Final desta madrugada, foram transmitidas imagens in\u00e9ditas de uma&hellip;\n","protected":false},"author":2,"featured_media":397899,"comment_status":"","ping_status":"","sticky":false,"template":"","format":"standard","meta":{"footnotes":"","_share_on_mastodon":"0"},"categories":[85],"tags":[2614,2632,15384,342,15383,114,115,20987,19019,32,33,1014,1315,64834,20081,64835,56705,162],"class_list":["post-397898","post","type-post","status-publish","format-standard","has-post-thumbnail","category-entretenimento","tag-afonso-leitu00e3o","tag-casa-dos-segredos","tag-casa-dos-segredos-desafio-final","tag-catarina-miranda","tag-desafio-final","tag-entertainment","tag-entretenimento","tag-extra","tag-marta-cardoso","tag-portugal","tag-pt","tag-reality-show","tag-secret-story","tag-secret-story-casa-dos-segredos-desafio-final","tag-sondagem-casa-dos-segredos","tag-sondagem-desafio-final","tag-sstvi","tag-tvi"],"share_on_mastodon":{"url":"https:\/\/pubeurope.com\/@pt\/116651947339381287","error":""},"_links":{"self":[{"href":"https:\/\/www.europesays.com\/pt\/wp-json\/wp\/v2\/posts\/397898","targetHints":{"allow":["GET"]}}],"collection":[{"href":"https:\/\/www.europesays.com\/pt\/wp-json\/wp\/v2\/posts"}],"about":[{"href":"https:\/\/www.europesays.com\/pt\/wp-json\/wp\/v2\/types\/post"}],"author":[{"embeddable":true,"href":"https:\/\/www.europesays.com\/pt\/wp-json\/wp\/v2\/users\/2"}],"replies":[{"embeddable":true,"href":"https:\/\/www.europesays.com\/pt\/wp-json\/wp\/v2\/comments?post=397898"}],"version-history":[{"count":0,"href":"https:\/\/www.europesays.com\/pt\/wp-json\/wp\/v2\/posts\/397898\/revisions"}],"wp:featuredmedia":[{"embeddable":true,"href":"https:\/\/www.europesays.com\/pt\/wp-json\/wp\/v2\/media\/397899"}],"wp:attachment":[{"href":"https:\/\/www.europesays.com\/pt\/wp-json\/wp\/v2\/media?parent=397898"}],"wp:term":[{"taxonomy":"category","embeddable":true,"href":"https:\/\/www.europesays.com\/pt\/wp-json\/wp\/v2\/categories?post=397898"},{"taxonomy":"post_tag","embeddable":true,"href":"https:\/\/www.europesays.com\/pt\/wp-json\/wp\/v2\/tags?post=397898"}],"curies":[{"name":"wp","href":"https:\/\/api.w.org\/{rel}","templated":true}]}}