{"id":39821,"date":"2025-08-22T06:23:40","date_gmt":"2025-08-22T06:23:40","guid":{"rendered":"https:\/\/www.europesays.com\/pt\/39821\/"},"modified":"2025-08-22T06:23:40","modified_gmt":"2025-08-22T06:23:40","slug":"foi-assim-a-impressionante-procissao-ao-mar-em-viana-do-castelo","status":"publish","type":"post","link":"https:\/\/www.europesays.com\/pt\/39821\/","title":{"rendered":"Foi assim a impressionante Prociss\u00e3o ao Mar em Viana do Castelo"},"content":{"rendered":"<p>Decorreu esta quarta-feira a Prociss\u00e3o ao Mar, evento muito aguardado das Festas em Honra da Senhora da Agonia, em Viana do Castelo.<\/p>\n<p>De acordo com a organiza\u00e7\u00e3o do evento, a cargo da Viana Festas, esta prociss\u00e3o \u00e9 \u201cuma devo\u00e7\u00e3o antiga dos pescadores \u00e0 sua padroeira, a quem pedem prote\u00e7\u00e3o nas horas de maior afli\u00e7\u00e3o e que, neste dia, agradecem e cumprem as suas promessas\u201d.<\/p>\n<p><video controls=\"\" src=\"https:\/\/ominho.pt\/wp-content\/uploads\/2025\/08\/WhatsApp-Video-2025-08-20-at-23.38.07.mp4\"\/>V\u00eddeo: Joca Fot\u00f3grafos \/ O MINHO<\/p>\n<p>\u201cEm prociss\u00e3o, os homens vestidos com as suas melhores camisas aos quadrados, como \u00e9 da tradi\u00e7\u00e3o do mar, carregam aos ombros os andores, cada um com cerca de 600 quilos, at\u00e9 ao cais, sempre ladeados pelas devotas mulheres\u201d, indica a organiza\u00e7\u00e3o.<\/p>\n<p><img loading=\"lazy\" decoding=\"async\" width=\"1024\" height=\"576\" data-id=\"607236\" src=\"https:\/\/www.europesays.com\/pt\/wp-content\/uploads\/2025\/08\/WhatsApp-Image-2025-08-20-at-23.09.34-1-1024x576.jpeg\" alt=\"Foi assim a impressionante prociss\u00e3o ao mar em viana do castelo\" class=\"wp-image-607236\" title=\"Foi assim a impressionante prociss\u00e3o ao mar em viana do castelo 6\"  \/>Foto: Joca Fot\u00f3grafos \/ O MINHO<img loading=\"lazy\" decoding=\"async\" width=\"1024\" height=\"576\" data-id=\"607237\" src=\"https:\/\/www.europesays.com\/pt\/wp-content\/uploads\/2025\/08\/WhatsApp-Image-2025-08-20-at-23.09.34-1024x576.jpeg\" alt=\"Foi assim a impressionante prociss\u00e3o ao mar em viana do castelo\" class=\"wp-image-607237\" title=\"Foi assim a impressionante prociss\u00e3o ao mar em viana do castelo 7\"  \/>Foto: Joca Fot\u00f3grafos \/ O MINHO<img loading=\"lazy\" decoding=\"async\" width=\"1024\" height=\"576\" data-id=\"607235\" src=\"https:\/\/www.europesays.com\/pt\/wp-content\/uploads\/2025\/08\/WhatsApp-Image-2025-08-20-at-23.09.33-1024x576.jpeg\" alt=\"Foi assim a impressionante prociss\u00e3o ao mar em viana do castelo\" class=\"wp-image-607235\" title=\"Foi assim a impressionante prociss\u00e3o ao mar em viana do castelo 8\"  \/>Foto: Joca Fot\u00f3grafos \/ O MINHO<img loading=\"lazy\" decoding=\"async\" width=\"1024\" height=\"576\" data-id=\"607238\" src=\"https:\/\/www.europesays.com\/pt\/wp-content\/uploads\/2025\/08\/WhatsApp-Image-2025-08-20-at-23.11.29-1-1024x576.jpeg\" alt=\"Foi assim a impressionante prociss\u00e3o ao mar em viana do castelo\" class=\"wp-image-607238\" title=\"Foi assim a impressionante prociss\u00e3o ao mar em viana do castelo 9\"  \/>Foto: Joca Fot\u00f3grafos \/ O MINHO<img loading=\"lazy\" decoding=\"async\" width=\"1024\" height=\"576\" data-id=\"607239\" src=\"https:\/\/www.europesays.com\/pt\/wp-content\/uploads\/2025\/08\/WhatsApp-Image-2025-08-20-at-23.11.29-1024x576.jpeg\" alt=\"Foi assim a impressionante prociss\u00e3o ao mar em viana do castelo\" class=\"wp-image-607239\" title=\"Foi assim a impressionante prociss\u00e3o ao mar em viana do castelo 10\"  \/>Foto: Joca Fot\u00f3grafos \/ O MINHO<img loading=\"lazy\" decoding=\"async\" width=\"1024\" height=\"576\" data-id=\"607241\" src=\"https:\/\/www.europesays.com\/pt\/wp-content\/uploads\/2025\/08\/WhatsApp-Image-2025-08-20-at-23.11.30-1024x576.jpeg\" alt=\"Foi assim a impressionante prociss\u00e3o ao mar em viana do castelo\" class=\"wp-image-607241\" title=\"Foi assim a impressionante prociss\u00e3o ao mar em viana do castelo 11\"  \/>Foto: Joca Fot\u00f3grafos \/ O MINHO<img loading=\"lazy\" decoding=\"async\" width=\"1024\" height=\"576\" data-id=\"607242\" src=\"https:\/\/www.europesays.com\/pt\/wp-content\/uploads\/2025\/08\/WhatsApp-Image-2025-08-20-at-23.11.31-1024x576.jpeg\" alt=\"Foi assim a impressionante prociss\u00e3o ao mar em viana do castelo\" class=\"wp-image-607242\" title=\"Foi assim a impressionante prociss\u00e3o ao mar em viana do castelo 12\"  \/>Foto: Joca Fot\u00f3grafos \/ O MINHO<img loading=\"lazy\" decoding=\"async\" width=\"1024\" height=\"576\" data-id=\"607243\" src=\"https:\/\/www.europesays.com\/pt\/wp-content\/uploads\/2025\/08\/WhatsApp-Image-2025-08-20-at-23.11.32-1-1024x576.jpeg\" alt=\"Foi assim a impressionante prociss\u00e3o ao mar em viana do castelo\" class=\"wp-image-607243\" title=\"Foi assim a impressionante prociss\u00e3o ao mar em viana do castelo 13\"  \/>Foto: Joca Fot\u00f3grafos \/ O MINHO<img loading=\"lazy\" decoding=\"async\" width=\"1024\" height=\"576\" data-id=\"607244\" src=\"https:\/\/www.europesays.com\/pt\/wp-content\/uploads\/2025\/08\/WhatsApp-Image-2025-08-20-at-23.11.32-1024x576.jpeg\" alt=\"Foi assim a impressionante prociss\u00e3o ao mar em viana do castelo\" class=\"wp-image-607244\" title=\"Foi assim a impressionante prociss\u00e3o ao mar em viana do castelo 14\"  \/>Foto: Joca Fot\u00f3grafos \/ O MINHO<img loading=\"lazy\" decoding=\"async\" width=\"1024\" height=\"576\" data-id=\"607245\" src=\"https:\/\/www.europesays.com\/pt\/wp-content\/uploads\/2025\/08\/WhatsApp-Image-2025-08-20-at-23.11.33-1024x576.jpeg\" alt=\"Foi assim a impressionante prociss\u00e3o ao mar em viana do castelo\" class=\"wp-image-607245\" title=\"Foi assim a impressionante prociss\u00e3o ao mar em viana do castelo 15\"  \/>Foto: Joca Fot\u00f3grafos \/ O MINHO<img loading=\"lazy\" decoding=\"async\" width=\"1024\" height=\"576\" data-id=\"607246\" src=\"https:\/\/www.europesays.com\/pt\/wp-content\/uploads\/2025\/08\/WhatsApp-Image-2025-08-20-at-23.13.45-1024x576.jpeg\" alt=\"Foi assim a impressionante prociss\u00e3o ao mar em viana do castelo\" class=\"wp-image-607246\" title=\"Foi assim a impressionante prociss\u00e3o ao mar em viana do castelo 16\"  \/>Foto: Joca Fot\u00f3grafos \/ O MINHO<img loading=\"lazy\" decoding=\"async\" width=\"576\" height=\"1024\" data-id=\"607247\" src=\"https:\/\/www.europesays.com\/pt\/wp-content\/uploads\/2025\/08\/WhatsApp-Image-2025-08-20-at-23.13.47-576x1024.jpeg\" alt=\"Foi assim a impressionante prociss\u00e3o ao mar em viana do castelo\" class=\"wp-image-607247\" title=\"Foi assim a impressionante prociss\u00e3o ao mar em viana do castelo 17\"  \/>Foto: Joca Fot\u00f3grafos \/ O MINHO<img loading=\"lazy\" decoding=\"async\" width=\"1024\" height=\"576\" data-id=\"607248\" src=\"https:\/\/www.europesays.com\/pt\/wp-content\/uploads\/2025\/08\/WhatsApp-Image-2025-08-20-at-23.38.07-1024x576.jpeg\" alt=\"Foi assim a impressionante prociss\u00e3o ao mar em viana do castelo\" class=\"wp-image-607248\" title=\"Foi assim a impressionante prociss\u00e3o ao mar em viana do castelo 18\"  \/>Foto: Joca Fot\u00f3grafos \/ O MINHO<img loading=\"lazy\" decoding=\"async\" width=\"1024\" height=\"576\" data-id=\"607249\" src=\"https:\/\/www.europesays.com\/pt\/wp-content\/uploads\/2025\/08\/WhatsApp-Image-2025-08-20-at-23.38.08-1024x576.jpeg\" alt=\"Foi assim a impressionante prociss\u00e3o ao mar em viana do castelo\" class=\"wp-image-607249\" title=\"Foi assim a impressionante prociss\u00e3o ao mar em viana do castelo 19\"  \/>Foto: Joca Fot\u00f3grafos \/ O MINHO<img loading=\"lazy\" decoding=\"async\" width=\"1024\" height=\"576\" data-id=\"607251\" src=\"https:\/\/www.europesays.com\/pt\/wp-content\/uploads\/2025\/08\/WhatsApp-Image-2025-08-20-at-23.38.09-1024x576.jpeg\" alt=\"Foi assim a impressionante prociss\u00e3o ao mar em viana do castelo\" class=\"wp-image-607251\" title=\"Foi assim a impressionante prociss\u00e3o ao mar em viana do castelo 20\"  \/>Foto: Joca Fot\u00f3grafos \/ O MINHO<\/p>\n<p>Explicando, prossegue: \u201cNum momento de devo\u00e7\u00e3o e orgulho, as embarca\u00e7\u00f5es s\u00e3o aben\u00e7oadas para depois levarem ao mar e ao rio as imagens de Nossa Senhora d\u2019Agonia, de Nossa Senhora de Monserrate, de Nossa Senhora dos Mares e de S\u00e3o Pedro. Logo depois, pelas margens do rio Lima, milhares de pessoas emocionadas sa\u00fadam a passagem dos barcos com fortes aplausos\u201d.<\/p>\n<p><video controls=\"\" src=\"https:\/\/ominho.pt\/wp-content\/uploads\/2025\/08\/WhatsApp-Video-2025-08-20-at-23.40.48.mp4\"\/><\/p>\n<p>Dessa forma, a Prociss\u00e3o ao Mar re\u00fane mais de uma centena de embarca\u00e7\u00f5es de pesca e de recreio, devidamente engalanadas, que em conjunto \u201caben\u00e7oam\u201d o rio Lima.<\/p>\n<p><img loading=\"lazy\" decoding=\"async\" width=\"576\" height=\"1024\" data-id=\"607218\" src=\"https:\/\/www.europesays.com\/pt\/wp-content\/uploads\/2025\/08\/WhatsApp-Image-2025-08-20-at-15.39.45-1-576x1024.jpeg\" alt=\"Foi assim a impressionante prociss\u00e3o ao mar em viana do castelo\" class=\"wp-image-607218\" title=\"Foi assim a impressionante prociss\u00e3o ao mar em viana do castelo 21\"  \/>Foto: Joca Fot\u00f3grafos \/ O MINHO<img loading=\"lazy\" decoding=\"async\" width=\"576\" height=\"1024\" data-id=\"607217\" src=\"https:\/\/www.europesays.com\/pt\/wp-content\/uploads\/2025\/08\/WhatsApp-Image-2025-08-20-at-15.39.44-576x1024.jpeg\" alt=\"Foi assim a impressionante prociss\u00e3o ao mar em viana do castelo\" class=\"wp-image-607217\" title=\"Foi assim a impressionante prociss\u00e3o ao mar em viana do castelo 22\"  \/>Foto: Joca Fot\u00f3grafos \/ O MINHO<img loading=\"lazy\" decoding=\"async\" width=\"1024\" height=\"576\" data-id=\"607219\" src=\"https:\/\/www.europesays.com\/pt\/wp-content\/uploads\/2025\/08\/WhatsApp-Image-2025-08-20-at-15.39.45-1024x576.jpeg\" alt=\"Foi assim a impressionante prociss\u00e3o ao mar em viana do castelo\" class=\"wp-image-607219\" title=\"Foi assim a impressionante prociss\u00e3o ao mar em viana do castelo 23\"  \/>Foto: Joca Fot\u00f3grafos \/ O MINHO<img loading=\"lazy\" decoding=\"async\" width=\"1024\" height=\"576\" data-id=\"607220\" src=\"https:\/\/www.europesays.com\/pt\/wp-content\/uploads\/2025\/08\/WhatsApp-Image-2025-08-20-at-15.39.46-1-1024x576.jpeg\" alt=\"Foi assim a impressionante prociss\u00e3o ao mar em viana do castelo\" class=\"wp-image-607220\" title=\"Foi assim a impressionante prociss\u00e3o ao mar em viana do castelo 24\"  \/>Foto: Joca Fot\u00f3grafos \/ O MINHO<img loading=\"lazy\" decoding=\"async\" width=\"1024\" height=\"576\" data-id=\"607221\" src=\"https:\/\/www.europesays.com\/pt\/wp-content\/uploads\/2025\/08\/WhatsApp-Image-2025-08-20-at-15.39.46-1024x576.jpeg\" alt=\"Foi assim a impressionante prociss\u00e3o ao mar em viana do castelo\" class=\"wp-image-607221\" title=\"Foi assim a impressionante prociss\u00e3o ao mar em viana do castelo 25\"  \/>Foto: Joca Fot\u00f3grafos \/ O MINHO<img loading=\"lazy\" decoding=\"async\" width=\"1024\" height=\"576\" data-id=\"607222\" src=\"https:\/\/www.europesays.com\/pt\/wp-content\/uploads\/2025\/08\/WhatsApp-Image-2025-08-20-at-15.39.47-1024x576.jpeg\" alt=\"Foi assim a impressionante prociss\u00e3o ao mar em viana do castelo\" class=\"wp-image-607222\" title=\"Foi assim a impressionante prociss\u00e3o ao mar em viana do castelo 26\"  \/>Foto: Joca Fot\u00f3grafos \/ O MINHO<img loading=\"lazy\" decoding=\"async\" width=\"1024\" height=\"576\" data-id=\"607223\" src=\"https:\/\/www.europesays.com\/pt\/wp-content\/uploads\/2025\/08\/WhatsApp-Image-2025-08-20-at-15.56.38-1-1024x576.jpeg\" alt=\"Foi assim a impressionante prociss\u00e3o ao mar em viana do castelo\" class=\"wp-image-607223\" title=\"Foi assim a impressionante prociss\u00e3o ao mar em viana do castelo 27\"  \/>Foto: Joca Fot\u00f3grafos \/ O MINHO<img loading=\"lazy\" decoding=\"async\" width=\"1024\" height=\"576\" data-id=\"607224\" src=\"https:\/\/www.europesays.com\/pt\/wp-content\/uploads\/2025\/08\/WhatsApp-Image-2025-08-20-at-15.56.38-1024x576.jpeg\" alt=\"Foi assim a impressionante prociss\u00e3o ao mar em viana do castelo\" class=\"wp-image-607224\" title=\"Foi assim a impressionante prociss\u00e3o ao mar em viana do castelo 28\"  \/>Foto: Joca Fot\u00f3grafos \/ O MINHO<img loading=\"lazy\" decoding=\"async\" width=\"576\" height=\"1024\" data-id=\"607225\" src=\"https:\/\/www.europesays.com\/pt\/wp-content\/uploads\/2025\/08\/WhatsApp-Image-2025-08-20-at-15.56.39-1-576x1024.jpeg\" alt=\"Foi assim a impressionante prociss\u00e3o ao mar em viana do castelo\" class=\"wp-image-607225\" title=\"Foi assim a impressionante prociss\u00e3o ao mar em viana do castelo 29\"  \/>Foto: Joca Fot\u00f3grafos \/ O MINHO<img loading=\"lazy\" decoding=\"async\" width=\"1024\" height=\"576\" data-id=\"607226\" src=\"https:\/\/www.europesays.com\/pt\/wp-content\/uploads\/2025\/08\/WhatsApp-Image-2025-08-20-at-15.56.39-1024x576.jpeg\" alt=\"Foi assim a impressionante prociss\u00e3o ao mar em viana do castelo\" class=\"wp-image-607226\" title=\"Foi assim a impressionante prociss\u00e3o ao mar em viana do castelo 30\"  \/>Foto: Joca Fot\u00f3grafos \/ O MINHO<img loading=\"lazy\" decoding=\"async\" width=\"576\" height=\"1024\" data-id=\"607227\" src=\"https:\/\/www.europesays.com\/pt\/wp-content\/uploads\/2025\/08\/WhatsApp-Image-2025-08-20-at-16.21.41-1-576x1024.jpeg\" alt=\"Foi assim a impressionante prociss\u00e3o ao mar em viana do castelo\" class=\"wp-image-607227\" title=\"Foi assim a impressionante prociss\u00e3o ao mar em viana do castelo 31\"  \/>Foto: Joca Fot\u00f3grafos \/ O MINHO<img loading=\"lazy\" decoding=\"async\" width=\"1024\" height=\"576\" data-id=\"607228\" src=\"https:\/\/www.europesays.com\/pt\/wp-content\/uploads\/2025\/08\/WhatsApp-Image-2025-08-20-at-16.21.41-1024x576.jpeg\" alt=\"Foi assim a impressionante prociss\u00e3o ao mar em viana do castelo\" class=\"wp-image-607228\" title=\"Foi assim a impressionante prociss\u00e3o ao mar em viana do castelo 32\"  \/>Foto: Joca Fot\u00f3grafos \/ O MINHO<img loading=\"lazy\" decoding=\"async\" width=\"1024\" height=\"576\" data-id=\"607229\" src=\"https:\/\/www.europesays.com\/pt\/wp-content\/uploads\/2025\/08\/WhatsApp-Image-2025-08-20-at-16.21.43-1024x576.jpeg\" alt=\"Foi assim a impressionante prociss\u00e3o ao mar em viana do castelo\" class=\"wp-image-607229\" title=\"Foi assim a impressionante prociss\u00e3o ao mar em viana do castelo 33\"  \/>Foto: Joca Fot\u00f3grafos \/ O MINHO<img loading=\"lazy\" decoding=\"async\" width=\"1024\" height=\"576\" data-id=\"607230\" src=\"https:\/\/www.europesays.com\/pt\/wp-content\/uploads\/2025\/08\/WhatsApp-Image-2025-08-20-at-16.59.41-1-1024x576.jpeg\" alt=\"Foi assim a impressionante prociss\u00e3o ao mar em viana do castelo\" class=\"wp-image-607230\" title=\"Foi assim a impressionante prociss\u00e3o ao mar em viana do castelo 34\"  \/>Foto: Joca Fot\u00f3grafos \/ O MINHO<img loading=\"lazy\" decoding=\"async\" width=\"1024\" height=\"576\" data-id=\"607231\" src=\"https:\/\/www.europesays.com\/pt\/wp-content\/uploads\/2025\/08\/WhatsApp-Image-2025-08-20-at-16.59.41-2-1024x576.jpeg\" alt=\"Foi assim a impressionante prociss\u00e3o ao mar em viana do castelo\" class=\"wp-image-607231\" title=\"Foi assim a impressionante prociss\u00e3o ao mar em viana do castelo 35\"  \/>Foto: Joca Fot\u00f3grafos \/ O MINHO<img loading=\"lazy\" decoding=\"async\" width=\"1024\" height=\"576\" data-id=\"607232\" src=\"https:\/\/www.europesays.com\/pt\/wp-content\/uploads\/2025\/08\/WhatsApp-Image-2025-08-20-at-16.59.41-1024x576.jpeg\" alt=\"Foi assim a impressionante prociss\u00e3o ao mar em viana do castelo\" class=\"wp-image-607232\" title=\"Foi assim a impressionante prociss\u00e3o ao mar em viana do castelo 36\"  \/>Foto: Joca Fot\u00f3grafos \/ O MINHO<img loading=\"lazy\" decoding=\"async\" width=\"1024\" height=\"576\" data-id=\"607233\" src=\"https:\/\/www.europesays.com\/pt\/wp-content\/uploads\/2025\/08\/WhatsApp-Image-2025-08-20-at-16.59.42-1-1024x576.jpeg\" alt=\"Foi assim a impressionante prociss\u00e3o ao mar em viana do castelo\" class=\"wp-image-607233\" title=\"Foi assim a impressionante prociss\u00e3o ao mar em viana do castelo 37\"  \/>Foto: Joca Fot\u00f3grafos \/ O MINHO<img loading=\"lazy\" decoding=\"async\" width=\"1024\" height=\"576\" data-id=\"607234\" src=\"https:\/\/www.europesays.com\/pt\/wp-content\/uploads\/2025\/08\/WhatsApp-Image-2025-08-20-at-16.59.42-1024x576.jpeg\" alt=\"Foi assim a impressionante prociss\u00e3o ao mar em viana do castelo\" class=\"wp-image-607234\" title=\"Foi assim a impressionante prociss\u00e3o ao mar em viana do castelo 38\"  \/>Foto: Joca Fot\u00f3grafos \/ O MINHO<\/p>\n<p><a href=\"https:\/\/ominho.pt\/viana-do-castelo-adia-fogo-de-artificio-que-encerra-romaria-dagonia\/\" rel=\"nofollow noopener\" target=\"_blank\">A VianaFestas decidiu, na segunda-feira, adiar para data a definir a serenata de fogo-de-artif\u00edcio da Romaria d\u2019Agonia, anteriormente reagendada para esta noite. <\/a><\/p>\n","protected":false},"excerpt":{"rendered":"Decorreu esta quarta-feira a Prociss\u00e3o ao Mar, evento muito aguardado das Festas em Honra da Senhora da Agonia,&hellip;\n","protected":false},"author":2,"featured_media":39822,"comment_status":"","ping_status":"","sticky":false,"template":"","format":"standard","meta":{"footnotes":""},"categories":[10],"tags":[27,28,15,16,14,25,26,21,22,12,13,19,20,32,23,24,33,17,18,29,30,31],"class_list":{"0":"post-39821","1":"post","2":"type-post","3":"status-publish","4":"format-standard","5":"has-post-thumbnail","7":"category-portugal","8":"tag-breaking-news","9":"tag-breakingnews","10":"tag-featured-news","11":"tag-featurednews","12":"tag-headlines","13":"tag-latest-news","14":"tag-latestnews","15":"tag-main-news","16":"tag-mainnews","17":"tag-news","18":"tag-noticias","19":"tag-noticias-principais","20":"tag-noticiasprincipais","21":"tag-portugal","22":"tag-principais-noticias","23":"tag-principaisnoticias","24":"tag-pt","25":"tag-top-stories","26":"tag-topstories","27":"tag-ultimas","28":"tag-ultimas-noticias","29":"tag-ultimasnoticias"},"share_on_mastodon":{"url":"","error":""},"_links":{"self":[{"href":"https:\/\/www.europesays.com\/pt\/wp-json\/wp\/v2\/posts\/39821","targetHints":{"allow":["GET"]}}],"collection":[{"href":"https:\/\/www.europesays.com\/pt\/wp-json\/wp\/v2\/posts"}],"about":[{"href":"https:\/\/www.europesays.com\/pt\/wp-json\/wp\/v2\/types\/post"}],"author":[{"embeddable":true,"href":"https:\/\/www.europesays.com\/pt\/wp-json\/wp\/v2\/users\/2"}],"replies":[{"embeddable":true,"href":"https:\/\/www.europesays.com\/pt\/wp-json\/wp\/v2\/comments?post=39821"}],"version-history":[{"count":0,"href":"https:\/\/www.europesays.com\/pt\/wp-json\/wp\/v2\/posts\/39821\/revisions"}],"wp:featuredmedia":[{"embeddable":true,"href":"https:\/\/www.europesays.com\/pt\/wp-json\/wp\/v2\/media\/39822"}],"wp:attachment":[{"href":"https:\/\/www.europesays.com\/pt\/wp-json\/wp\/v2\/media?parent=39821"}],"wp:term":[{"taxonomy":"category","embeddable":true,"href":"https:\/\/www.europesays.com\/pt\/wp-json\/wp\/v2\/categories?post=39821"},{"taxonomy":"post_tag","embeddable":true,"href":"https:\/\/www.europesays.com\/pt\/wp-json\/wp\/v2\/tags?post=39821"}],"curies":[{"name":"wp","href":"https:\/\/api.w.org\/{rel}","templated":true}]}}