{"id":398405,"date":"2026-05-28T18:49:11","date_gmt":"2026-05-28T18:49:11","guid":{"rendered":"https:\/\/www.europesays.com\/pt\/398405\/"},"modified":"2026-05-28T18:49:11","modified_gmt":"2026-05-28T18:49:11","slug":"oficial-sporting-anuncia-pedro-lima","status":"publish","type":"post","link":"https:\/\/www.europesays.com\/pt\/398405\/","title":{"rendered":"OFICIAL: Sporting anuncia Pedro Lima"},"content":{"rendered":"<p>O Sporting anunciou a contrata\u00e7\u00e3o de Pedro Lima, jogador brasileiro que chega do AVS. O m\u00e9dio, de 23 anos, assinou contrato\u00a0 por cinco temporadas, v\u00e1lido at\u00e9 2031, blindado por uma cl\u00e1usula de rescis\u00e3o de 80 milh\u00f5es de euros.<\/p>\n<p>O Sporting n\u00e3o divulgou os valor do neg\u00f3cio, mas o Maisfutebol sabe que o mesmo foi conclu\u00eddo por quatro milh\u00f5es fixos, mais dois milh\u00f5es dependentes de vari\u00e1veis. O que significa que a contrata\u00e7\u00e3o do brasileiro pode atingir os seis milh\u00f5es de euros.<\/p>\n<p>O AVS fica ainda com uma percentagem de uma futura venda.<\/p>\n<p>Formado no Palmeiras, clube no qual entrou com 13 anos, o m\u00e9dio chegou a estrear-se na equipa principal, pela m\u00e3o de Abel Ferreira: foi em 2023, em jogo da Copa Libertadores frente ao Bol\u00edvar, na Bol\u00edvia. O Palmeiras perdeu esse jogo por 3-1.<\/p>\n<p>Depois disso, foi emprestado \u00e0 equipa sub-21 do Norwich, de Inglaterra, e ao Osijek, da Cro\u00e1cia, antes de se mudar a t\u00edtulo definitivo para o AVS, no in\u00edcio desta \u00e9poca. Na Vila das Aves fez 26 jogos, marcou seis golos e entregou duas assist\u00eancias.<\/p>\n<p>Pedro Lima \u00e9 o segundo refor\u00e7o do Sporting para a pr\u00f3xima temporada, ap\u00f3s Zalazar, <a href=\"https:\/\/maisfutebol.iol.pt\/sporting\/zalazar\/oficial-sporting-confirma-contratacao-de-zalazar\" rel=\"nofollow noopener\" target=\"_blank\">contratado ao Sp. Braga por 30 milh\u00f5es de euros e j\u00e1 anunciado como refor\u00e7o<\/a>.<\/p>\n<p>\u00ab\u00c9 uma alegria imensa, um orgulho, chegar a este n\u00edvel e representar um clube t\u00e3o grande como o Sporting\u00bb, confessou Pedro Lima ao site oficial do Sporting.<\/p>\n<p>\u00abN\u00e3o vejo a hora de come\u00e7ar. Trabalhei desde crian\u00e7a para ter uma oportunidade destas e \u00e9 um reconhecimento do que fiz desde l\u00e1. Chegar a este patamar \u00e9 um sonho realizado.\u00bb<\/p>\n<p><strong>[Em atualiza\u00e7\u00e3o]<\/strong><\/p>\n","protected":false},"excerpt":{"rendered":"O Sporting anunciou a contrata\u00e7\u00e3o de Pedro Lima, jogador brasileiro que chega do AVS. O m\u00e9dio, de 23&hellip;\n","protected":false},"author":2,"featured_media":398406,"comment_status":"","ping_status":"","sticky":false,"template":"","format":"standard","meta":{"footnotes":"","_share_on_mastodon":"0"},"categories":[87],"tags":[135,46,40,42,65822,15719,32,33,47,34,134,35],"class_list":["post-398405","post","type-post","status-publish","format-standard","has-post-thumbnail","category-desporto","tag-desporto","tag-maisfutebol","tag-maistransferencias","tag-mercado","tag-mercado-de-transferencia","tag-pedro-lima","tag-portugal","tag-pt","tag-pura-paixao","tag-sporting","tag-sports","tag-transferencias"],"share_on_mastodon":{"url":"https:\/\/pubeurope.com\/@pt\/116653704254162251","error":""},"_links":{"self":[{"href":"https:\/\/www.europesays.com\/pt\/wp-json\/wp\/v2\/posts\/398405","targetHints":{"allow":["GET"]}}],"collection":[{"href":"https:\/\/www.europesays.com\/pt\/wp-json\/wp\/v2\/posts"}],"about":[{"href":"https:\/\/www.europesays.com\/pt\/wp-json\/wp\/v2\/types\/post"}],"author":[{"embeddable":true,"href":"https:\/\/www.europesays.com\/pt\/wp-json\/wp\/v2\/users\/2"}],"replies":[{"embeddable":true,"href":"https:\/\/www.europesays.com\/pt\/wp-json\/wp\/v2\/comments?post=398405"}],"version-history":[{"count":0,"href":"https:\/\/www.europesays.com\/pt\/wp-json\/wp\/v2\/posts\/398405\/revisions"}],"wp:featuredmedia":[{"embeddable":true,"href":"https:\/\/www.europesays.com\/pt\/wp-json\/wp\/v2\/media\/398406"}],"wp:attachment":[{"href":"https:\/\/www.europesays.com\/pt\/wp-json\/wp\/v2\/media?parent=398405"}],"wp:term":[{"taxonomy":"category","embeddable":true,"href":"https:\/\/www.europesays.com\/pt\/wp-json\/wp\/v2\/categories?post=398405"},{"taxonomy":"post_tag","embeddable":true,"href":"https:\/\/www.europesays.com\/pt\/wp-json\/wp\/v2\/tags?post=398405"}],"curies":[{"name":"wp","href":"https:\/\/api.w.org\/{rel}","templated":true}]}}