{"id":39842,"date":"2025-08-22T07:03:18","date_gmt":"2025-08-22T07:03:18","guid":{"rendered":"https:\/\/www.europesays.com\/pt\/39842\/"},"modified":"2025-08-22T07:03:18","modified_gmt":"2025-08-22T07:03:18","slug":"benfica-a-mensagem-de-florentino-apos-a-expulsao-em-istambul","status":"publish","type":"post","link":"https:\/\/www.europesays.com\/pt\/39842\/","title":{"rendered":"Benfica: a mensagem de Florentino ap\u00f3s a expuls\u00e3o\u00a0em Istambul"},"content":{"rendered":"<p>O centrocampista, de 26 anos, foi expulso ao ver dois amarelos espa\u00e7ados por dois minutos (69\u2019 e 71\u2019) e deixou as \u00e1guias reduzidas a 10 na reta final do encontro. Al\u00e9m disso, vai falhar a segunda m\u00e3o no Est\u00e1dio da Luz.\u00a0<\/p>\n<p>\u00abEm casa somos mais fortes. Na Luz decidimos tudo. Gl\u00f3ria a Deus o tempo todo\u00bb, escreveu <a class=\"autolink-enabled\" data-resource-id=\"125036\" data-resource-type=\"player\" data-sport=\"football\" href=\"https:\/\/www.abola.pt\/futebol\/jogador\/florentino-125036\" rel=\"nofollow noopener\" target=\"_blank\">Florentino<\/a>.\u00a0<\/p>\n<p>A expuls\u00e3o em Istambul foi a primeira de <a class=\"autolink-enabled\" data-resource-id=\"125036\" data-resource-type=\"player\" data-sport=\"football\" href=\"https:\/\/www.abola.pt\/futebol\/jogador\/florentino-125036\" rel=\"nofollow noopener\" target=\"_blank\">Florentino<\/a> a n\u00edvel profissional. O m\u00e9dio tinha visto um cart\u00e3o vermelho, mas nos escal\u00f5es de forma\u00e7\u00e3o, num duelo da UEFA Youth League, com o <a class=\"autolink-enabled\" data-resource-id=\"1007\" data-resource-type=\"team\" data-sport=\"football\" href=\"https:\/\/www.abola.pt\/futebol\/midtjylland-1007\" rel=\"nofollow noopener\" target=\"_blank\">Midtjylland<\/a>, em 2017.\u00a0<\/p>\n","protected":false},"excerpt":{"rendered":"O centrocampista, de 26 anos, foi expulso ao ver dois amarelos espa\u00e7ados por dois minutos (69\u2019 e 71\u2019)&hellip;\n","protected":false},"author":2,"featured_media":39843,"comment_status":"","ping_status":"","sticky":false,"template":"","format":"standard","meta":{"footnotes":""},"categories":[87],"tags":[135,32,33,134],"class_list":{"0":"post-39842","1":"post","2":"type-post","3":"status-publish","4":"format-standard","5":"has-post-thumbnail","7":"category-desporto","8":"tag-desporto","9":"tag-portugal","10":"tag-pt","11":"tag-sports"},"share_on_mastodon":{"url":"","error":""},"_links":{"self":[{"href":"https:\/\/www.europesays.com\/pt\/wp-json\/wp\/v2\/posts\/39842","targetHints":{"allow":["GET"]}}],"collection":[{"href":"https:\/\/www.europesays.com\/pt\/wp-json\/wp\/v2\/posts"}],"about":[{"href":"https:\/\/www.europesays.com\/pt\/wp-json\/wp\/v2\/types\/post"}],"author":[{"embeddable":true,"href":"https:\/\/www.europesays.com\/pt\/wp-json\/wp\/v2\/users\/2"}],"replies":[{"embeddable":true,"href":"https:\/\/www.europesays.com\/pt\/wp-json\/wp\/v2\/comments?post=39842"}],"version-history":[{"count":0,"href":"https:\/\/www.europesays.com\/pt\/wp-json\/wp\/v2\/posts\/39842\/revisions"}],"wp:featuredmedia":[{"embeddable":true,"href":"https:\/\/www.europesays.com\/pt\/wp-json\/wp\/v2\/media\/39843"}],"wp:attachment":[{"href":"https:\/\/www.europesays.com\/pt\/wp-json\/wp\/v2\/media?parent=39842"}],"wp:term":[{"taxonomy":"category","embeddable":true,"href":"https:\/\/www.europesays.com\/pt\/wp-json\/wp\/v2\/categories?post=39842"},{"taxonomy":"post_tag","embeddable":true,"href":"https:\/\/www.europesays.com\/pt\/wp-json\/wp\/v2\/tags?post=39842"}],"curies":[{"name":"wp","href":"https:\/\/api.w.org\/{rel}","templated":true}]}}