{"id":398468,"date":"2026-05-28T19:40:16","date_gmt":"2026-05-28T19:40:16","guid":{"rendered":"https:\/\/www.europesays.com\/pt\/398468\/"},"modified":"2026-05-28T19:40:16","modified_gmt":"2026-05-28T19:40:16","slug":"idade-da-reforma-sera-de-66-anos-e-11-meses-em-2027-pensoes","status":"publish","type":"post","link":"https:\/\/www.europesays.com\/pt\/398468\/","title":{"rendered":"Idade da reforma ser\u00e1 de 66 anos e 11 meses em 2027 | Pens\u00f5es"},"content":{"rendered":"<p>A idade da reforma vai subir para os 66 anos e 11 meses em 2027. Os dados divulgados nesta quinta-feira pelo Instituto Nacional de Estat\u00edstica (INE) confirmam uma subida de dois meses face ao que \u00e9 exigido em 2026.<\/p>\n<p>Os dados definitivos da <a href=\"https:\/\/www.ine.pt\/xportal\/xmain?xpid=INE&amp;xpgid=ine_destaques&amp;DESTAQUESdest_boui=771178334&amp;DESTAQUESmodo=2\" target=\"_self\" rel=\"nofollow noopener\">esperan\u00e7a de vida aos 65 anos<\/a>, que serve para determinar a idade normal de acesso \u00e0 pens\u00e3o de velhice e o factor de sustentabilidade, confirmam as estat\u00edsticas provis\u00f3rias de Novembro. No per\u00edodo entre 2023 e 2025, a esperan\u00e7a de vida aos 65 anos foi estimada em 20,19 anos para o total da popula\u00e7\u00e3o. Aos 65 anos, os homens podiam esperar viver 18,43 anos e as mulheres 21,55 anos, o que corresponde a um aumento relativamente ao tri\u00e9nio anterior.<\/p>\n<p>Quem se quiser reformar no pr\u00f3ximo ano, ter\u00e1 de ter 66 anos e 11 meses, em linha o que j\u00e1 previa a <a href=\"https:\/\/diariodarepublica.pt\/dr\/detalhe\/portaria\/476-2025-992879815\" target=\"_self\" rel=\"nofollow noopener\">portaria<\/a> do Governo publicada em Dezembro de 2025 e que se aplica ao regime geral de Seguran\u00e7a Social e \u00e0 Caixa Geral de Aposenta\u00e7\u00f5es. Esta \u00e9 a idade normal de acesso \u00e0 pens\u00e3o, mas a lei tem um mecanismo que permite antecipar a idade da reforma em quatro meses por cada ano que exceda os 40 de descontos.<\/p>\n<p>Em 2023, em consequ\u00eancia da mortalidade excessiva registada durante a <a href=\"https:\/\/www.publico.pt\/2022\/05\/30\/economia\/noticia\/ine-confirma-recuo-idade-reforma-66-anos-quatro-meses-2023-2008195\" target=\"_blank\" rel=\"nofollow noopener\">covid-19<\/a>, assistiu-se a um recuo da idade normal de reforma para os 66 anos e quatro meses. No ano seguinte, a idade manteve-se est\u00e1vel e nos anos seguintes voltou a aumentar.<\/p>\n<p>Os dados do INE permitem ainda calcular o factor de sustentabilidade aplicado \u00e0s pens\u00f5es de quem se reforma mais cedo (antes dos 66 anos e nove meses) ao longo de 2026.<\/p>\n<p>O corte, confirma-se agora, ser\u00e1 de 17,63% (uma subida face \u00e0 redu\u00e7\u00e3o de 16,93% que est\u00e1 a ser aplicado desde o in\u00edcio de 2025 \u00e0s reformas antecipadas), mas h\u00e1 um conjunto de excep\u00e7\u00f5es em que n\u00e3o se aplica.<\/p>\n<p>\u00c9 o caso das pessoas que no ano em que fazem 60 anos completam 40 de carreira (embora mantenham a redu\u00e7\u00e3o de 0,5% por cada m\u00eas de antecipa\u00e7\u00e3o).<\/p>\n<p>Em vigor est\u00e1 tamb\u00e9m <a href=\"https:\/\/www.publico.pt\/1777091\" target=\"_blank\" rel=\"nofollow noopener\">o regime das muito longas carreiras contributivas<\/a>, que elimina todas as penaliza\u00e7\u00f5es (factor de sustentabilidade e corte de 0,5%) da pens\u00e3o antecipada dos trabalhadores com idade igual ou superior a 60 anos e 46 ou mais anos de contribui\u00e7\u00f5es que, cumulativamente, come\u00e7aram a trabalhar, pelo menos, aos 16 anos.<\/p>\n","protected":false},"excerpt":{"rendered":"A idade da reforma vai subir para os 66 anos e 11 meses em 2027. Os dados divulgados&hellip;\n","protected":false},"author":2,"featured_media":398469,"comment_status":"","ping_status":"","sticky":false,"template":"","format":"standard","meta":{"footnotes":"","_share_on_mastodon":"0"},"categories":[8],"tags":[995,27,28,476,353,15,16,14,25,26,21,22,12,13,19,20,7707,32,23,24,33,915,17,18,29,30,31],"class_list":["post-398468","post","type-post","status-publish","format-standard","has-post-thumbnail","category-principais-noticias","tag-abre-conteudo","tag-breaking-news","tag-breakingnews","tag-economia","tag-em-destaque","tag-featured-news","tag-featurednews","tag-headlines","tag-latest-news","tag-latestnews","tag-main-news","tag-mainnews","tag-news","tag-noticias","tag-noticias-principais","tag-noticiasprincipais","tag-pensoes","tag-portugal","tag-principais-noticias","tag-principaisnoticias","tag-pt","tag-seguranca-social","tag-top-stories","tag-topstories","tag-ultimas","tag-ultimas-noticias","tag-ultimasnoticias"],"share_on_mastodon":{"url":"https:\/\/pubeurope.com\/@pt\/116653904895062895","error":""},"_links":{"self":[{"href":"https:\/\/www.europesays.com\/pt\/wp-json\/wp\/v2\/posts\/398468","targetHints":{"allow":["GET"]}}],"collection":[{"href":"https:\/\/www.europesays.com\/pt\/wp-json\/wp\/v2\/posts"}],"about":[{"href":"https:\/\/www.europesays.com\/pt\/wp-json\/wp\/v2\/types\/post"}],"author":[{"embeddable":true,"href":"https:\/\/www.europesays.com\/pt\/wp-json\/wp\/v2\/users\/2"}],"replies":[{"embeddable":true,"href":"https:\/\/www.europesays.com\/pt\/wp-json\/wp\/v2\/comments?post=398468"}],"version-history":[{"count":0,"href":"https:\/\/www.europesays.com\/pt\/wp-json\/wp\/v2\/posts\/398468\/revisions"}],"wp:featuredmedia":[{"embeddable":true,"href":"https:\/\/www.europesays.com\/pt\/wp-json\/wp\/v2\/media\/398469"}],"wp:attachment":[{"href":"https:\/\/www.europesays.com\/pt\/wp-json\/wp\/v2\/media?parent=398468"}],"wp:term":[{"taxonomy":"category","embeddable":true,"href":"https:\/\/www.europesays.com\/pt\/wp-json\/wp\/v2\/categories?post=398468"},{"taxonomy":"post_tag","embeddable":true,"href":"https:\/\/www.europesays.com\/pt\/wp-json\/wp\/v2\/tags?post=398468"}],"curies":[{"name":"wp","href":"https:\/\/api.w.org\/{rel}","templated":true}]}}