{"id":398652,"date":"2026-05-28T22:50:16","date_gmt":"2026-05-28T22:50:16","guid":{"rendered":"https:\/\/www.europesays.com\/pt\/398652\/"},"modified":"2026-05-28T22:50:16","modified_gmt":"2026-05-28T22:50:16","slug":"sem-aparelho-e-muito-gata-e-assim-que-esta-mariana-duarte-tres-anos-depois-do-triangulo-secret-story","status":"publish","type":"post","link":"https:\/\/www.europesays.com\/pt\/398652\/","title":{"rendered":"Sem aparelho e \u00abmuito gata\u00bb: \u00c9 assim que est\u00e1 Mariana Duarte tr\u00eas anos depois d\u2019O Tri\u00e2ngulo &#8211; Secret Story"},"content":{"rendered":"<p data-end=\"223\" data-start=\"75\">Mariana Duarte voltou a chamar a aten\u00e7\u00e3o dos seguidores nas redes sociais depois de partilhar novas fotografias no Instagram.<\/p>\n<p data-end=\"399\" data-start=\"225\">A ex-concorrente d&#8217; O Tri\u00e2ngulo surge agora sem aparelho dent\u00e1rio, uma diferen\u00e7a vis\u00edvel em rela\u00e7\u00e3o \u00e0 altura em que participou no programa, em 2023.<\/p>\n<p data-end=\"524\" data-start=\"401\">As imagens n\u00e3o passaram despercebidas aos f\u00e3s, que rapidamente reagiram na caixa de coment\u00e1rios com v\u00e1rios elogios \u00e0 jovem: \u201cMuito gata\u201d, escreveu um dos seguidores.<\/p>\n<p data-end=\"730\" data-is-last-node=\"\" data-is-only-node=\"\" data-start=\"569\">Mariana Duarte continua ativa nas redes sociais, onde partilha regularmente momentos do dia a dia com quem a acompanha desde a passagem pelo reality-show da TVI.<\/p>\n<p data-end=\"730\" data-is-last-node=\"\" data-is-only-node=\"\" data-start=\"569\">Percorra a galeria que prepar\u00e1mos para si e veja as imagens.\u00a0<\/p>\n","protected":false},"excerpt":{"rendered":"Mariana Duarte voltou a chamar a aten\u00e7\u00e3o dos seguidores nas redes sociais depois de partilhar novas fotografias no&hellip;\n","protected":false},"author":2,"featured_media":398653,"comment_status":"","ping_status":"","sticky":false,"template":"","format":"standard","meta":{"footnotes":"","_share_on_mastodon":"0"},"categories":[142],"tags":[18706,114,115,18705,65850,7792,32,33,151,18704],"class_list":["post-398652","post","type-post","status-publish","format-standard","has-post-thumbnail","category-tv","tag-bastidores-secret-story","tag-entertainment","tag-entretenimento","tag-entrevistas-concorrentes-tvi","tag-mariana-duarte","tag-o-triangulo","tag-portugal","tag-pt","tag-tv","tag-vida-fora-da-casa"],"share_on_mastodon":{"url":"https:\/\/pubeurope.com\/@pt\/116654651971372820","error":""},"_links":{"self":[{"href":"https:\/\/www.europesays.com\/pt\/wp-json\/wp\/v2\/posts\/398652","targetHints":{"allow":["GET"]}}],"collection":[{"href":"https:\/\/www.europesays.com\/pt\/wp-json\/wp\/v2\/posts"}],"about":[{"href":"https:\/\/www.europesays.com\/pt\/wp-json\/wp\/v2\/types\/post"}],"author":[{"embeddable":true,"href":"https:\/\/www.europesays.com\/pt\/wp-json\/wp\/v2\/users\/2"}],"replies":[{"embeddable":true,"href":"https:\/\/www.europesays.com\/pt\/wp-json\/wp\/v2\/comments?post=398652"}],"version-history":[{"count":0,"href":"https:\/\/www.europesays.com\/pt\/wp-json\/wp\/v2\/posts\/398652\/revisions"}],"wp:featuredmedia":[{"embeddable":true,"href":"https:\/\/www.europesays.com\/pt\/wp-json\/wp\/v2\/media\/398653"}],"wp:attachment":[{"href":"https:\/\/www.europesays.com\/pt\/wp-json\/wp\/v2\/media?parent=398652"}],"wp:term":[{"taxonomy":"category","embeddable":true,"href":"https:\/\/www.europesays.com\/pt\/wp-json\/wp\/v2\/categories?post=398652"},{"taxonomy":"post_tag","embeddable":true,"href":"https:\/\/www.europesays.com\/pt\/wp-json\/wp\/v2\/tags?post=398652"}],"curies":[{"name":"wp","href":"https:\/\/api.w.org\/{rel}","templated":true}]}}