{"id":398814,"date":"2026-05-29T02:29:21","date_gmt":"2026-05-29T02:29:21","guid":{"rendered":"https:\/\/www.europesays.com\/pt\/398814\/"},"modified":"2026-05-29T02:29:21","modified_gmt":"2026-05-29T02:29:21","slug":"bagre-fagundes-esta-hospitalizado","status":"publish","type":"post","link":"https:\/\/www.europesays.com\/pt\/398814\/","title":{"rendered":"Bagre Fagundes est\u00e1 hospitalizado"},"content":{"rendered":"<p>O Hospital Ernesto Dornelles, de Porto Alegre, informa que o paciente Euclides Fagundes Filho, conhecido como Bagre Fagundes, encontra-se internado na Unidade de Terapia Intensiva, em cuidados cr\u00edticos, com quadro est\u00e1vel no momento.<\/p>\n<p>A assist\u00eancia est\u00e1 sendo conduzida pelo superintendente m\u00e9dico, Dr. Cyro Le\u00e3es, m\u00e9dico cardiologista, profissional que acompanha a fam\u00edlia h\u00e1 d\u00e9cadas.<\/p>\n<p>O Hospital refor\u00e7a que segue prestando toda a assist\u00eancia necess\u00e1ria, com cuidado integral e aten\u00e7\u00e3o permanente ao paciente e aos familiares. Novas atualiza\u00e7\u00f5es podemo ser divulgadas conforme avalia\u00e7\u00e3o da equipe m\u00e9dica e com a concord\u00e2ncia da fam\u00edlia.<\/p>\n<p>O artista integra o grupo Os Fagundes, famoso por representar a m\u00fasica ga\u00facha.<\/p>\n","protected":false},"excerpt":{"rendered":"O Hospital Ernesto Dornelles, de Porto Alegre, informa que o paciente Euclides Fagundes Filho, conhecido como Bagre Fagundes,&hellip;\n","protected":false},"author":2,"featured_media":398815,"comment_status":"","ping_status":"","sticky":false,"template":"","format":"standard","meta":{"footnotes":"","_share_on_mastodon":"0"},"categories":[145],"tags":[3428,65867,211,210,114,115,7444,6023,150,32,33,117],"class_list":["post-398814","post","type-post","status-publish","format-standard","has-post-thumbnail","category-celebridades","tag-arte-agenda","tag-bagre-fagundes","tag-celebridades","tag-celebrities","tag-entertainment","tag-entretenimento","tag-hospitalizacao","tag-internacao","tag-musica","tag-portugal","tag-pt","tag-saude"],"share_on_mastodon":{"url":"https:\/\/pubeurope.com\/@pt\/116655513022734873","error":""},"_links":{"self":[{"href":"https:\/\/www.europesays.com\/pt\/wp-json\/wp\/v2\/posts\/398814","targetHints":{"allow":["GET"]}}],"collection":[{"href":"https:\/\/www.europesays.com\/pt\/wp-json\/wp\/v2\/posts"}],"about":[{"href":"https:\/\/www.europesays.com\/pt\/wp-json\/wp\/v2\/types\/post"}],"author":[{"embeddable":true,"href":"https:\/\/www.europesays.com\/pt\/wp-json\/wp\/v2\/users\/2"}],"replies":[{"embeddable":true,"href":"https:\/\/www.europesays.com\/pt\/wp-json\/wp\/v2\/comments?post=398814"}],"version-history":[{"count":0,"href":"https:\/\/www.europesays.com\/pt\/wp-json\/wp\/v2\/posts\/398814\/revisions"}],"wp:featuredmedia":[{"embeddable":true,"href":"https:\/\/www.europesays.com\/pt\/wp-json\/wp\/v2\/media\/398815"}],"wp:attachment":[{"href":"https:\/\/www.europesays.com\/pt\/wp-json\/wp\/v2\/media?parent=398814"}],"wp:term":[{"taxonomy":"category","embeddable":true,"href":"https:\/\/www.europesays.com\/pt\/wp-json\/wp\/v2\/categories?post=398814"},{"taxonomy":"post_tag","embeddable":true,"href":"https:\/\/www.europesays.com\/pt\/wp-json\/wp\/v2\/tags?post=398814"}],"curies":[{"name":"wp","href":"https:\/\/api.w.org\/{rel}","templated":true}]}}