{"id":39912,"date":"2025-08-22T08:44:06","date_gmt":"2025-08-22T08:44:06","guid":{"rendered":"https:\/\/www.europesays.com\/pt\/39912\/"},"modified":"2025-08-22T08:44:06","modified_gmt":"2025-08-22T08:44:06","slug":"china-acusa-departamento-oficial-taiwanes-de-ciberataques-e-roubo-de-dados-sensiveis","status":"publish","type":"post","link":"https:\/\/www.europesays.com\/pt\/39912\/","title":{"rendered":"China acusa departamento oficial taiwan\u00eas de ciberataques e roubo de dados sens\u00edveis"},"content":{"rendered":"<p>&#13;<br \/>\nA For\u00e7a de Informa\u00e7\u00e3o, Comunica\u00e7\u00f5es e Eletr\u00f3nica do Minist\u00e9rio da Defesa Nacional de Taiwan, noticiou a CCTV, tem operado nos \u00faltimos anos fazendo-se passar por grupos de `hackers` e empregando t\u00e9cnicas como a an\u00e1lise de vulnerabilidades, descodifica\u00e7\u00e3o de senhas e envio de correio eletr\u00f3nico de `phishing` &#8211; atrav\u00e9s de m\u00e9todos tecnol\u00f3gicos que levam o utilizador a revelar dados pessoais ou confidenciais.&#13;\n<\/p>\n<p>&#13;<br \/>\nEstas a\u00e7\u00f5es, de acordo com a emissora, tinham como objetivo a infiltra\u00e7\u00e3o em sistemas na China, Hong Kong e Macau para extrair informa\u00e7\u00f5es consideradas importantes.&#13;\n<\/p>\n<p>&#13;<br \/>\nA CCTV citou Du Zhenhua, engenheiro do Centro Nacional de Resposta a Emerg\u00eancias de V\u00edrus Inform\u00e1ticos, que descreveu o grupo como um &#8220;quarto ramo das For\u00e7as Armadas&#8221; na ilha.&#13;\n<\/p>\n<p>&#13;<br \/>\nDu indicou que as atividades atribu\u00eddas a esta estrutura incluem tentativas de obter dados e informa\u00e7\u00f5es sens\u00edveis e afirmou que, em certos casos, o grupo ter\u00e1 atuado em coordena\u00e7\u00e3o com &#8220;for\u00e7as anti-chinesas nos Estados Unidos&#8221; para promover campanhas destinadas a influenciar a opini\u00e3o p\u00fablica chinesa.&#13;\n<\/p>\n<p>&#13;<br \/>\nA reportagem da CCTV n\u00e3o detalhou casos espec\u00edficos nem enumerou os sistemas afetados, mas insistiu que a opera\u00e7\u00e3o se baseava em m\u00e9todos comuns do cibercrime, como a explora\u00e7\u00e3o de falhas de seguran\u00e7a e campanhas de `phishing`.&#13;\n<\/p>\n<p>&#13;<br \/>\nEm junho \u00faltimo, o gabinete de Seguran\u00e7a P\u00fablica da cidade chinesa de Guangzhou, no sudeste do pa\u00eds, ofereceu recompensas a quem ajudasse a capturar mais de 20 pessoas alegadamente ligadas \u00e0 entidade taiwanesa, acusada de ser respons\u00e1vel pelos ataques cibern\u00e9ticos contra uma empresa tecnol\u00f3gica chinesa.&#13;\n<\/p>\n<p>&#13;<br \/>\nA For\u00e7a de Informa\u00e7\u00e3o taiwanesa afirmou na altura que as acusa\u00e7\u00f5es chinesas eram infundadas, uma vez que a fun\u00e7\u00e3o do organismo consistia em &#8220;salvaguardar a informa\u00e7\u00e3o de defesa e garantir a seguran\u00e7a da rede&#8221; na ilha.&#13;\n<\/p>\n<p>&#13;<br \/>\nAs autoridades de Pequim consideram Taiwan &#8220;parte inalien\u00e1vel&#8221; do territ\u00f3rio chin\u00eas e n\u00e3o descartam o uso da for\u00e7a para &#8220;a reunifica\u00e7\u00e3o&#8221; da ilha e do continente chin\u00eas, um dos objetivos a longo prazo estabelecidos pelo Presidente Xi Jinping, ap\u00f3s a chegada ao poder, em 2012. &#13;<\/p>\n","protected":false},"excerpt":{"rendered":"&#13; A For\u00e7a de Informa\u00e7\u00e3o, Comunica\u00e7\u00f5es e Eletr\u00f3nica do Minist\u00e9rio da Defesa Nacional de Taiwan, noticiou a CCTV,&hellip;\n","protected":false},"author":2,"featured_media":39913,"comment_status":"","ping_status":"","sticky":false,"template":"","format":"standard","meta":{"footnotes":""},"categories":[84],"tags":[12213,109,107,108,12214,12212,3422,32,33,105,103,104,106,110],"class_list":{"0":"post-39912","1":"post","2":"type-post","3":"status-publish","4":"format-standard","5":"has-post-thumbnail","7":"category-ciencia-e-tecnologia","8":"tag-cctv","9":"tag-ciencia","10":"tag-ciencia-e-tecnologia","11":"tag-cienciaetecnologia","12":"tag-emergencias","13":"tag-hong-kong","14":"tag-pequim","15":"tag-portugal","16":"tag-pt","17":"tag-science","18":"tag-science-and-technology","19":"tag-scienceandtechnology","20":"tag-technology","21":"tag-tecnologia"},"share_on_mastodon":{"url":"","error":""},"_links":{"self":[{"href":"https:\/\/www.europesays.com\/pt\/wp-json\/wp\/v2\/posts\/39912","targetHints":{"allow":["GET"]}}],"collection":[{"href":"https:\/\/www.europesays.com\/pt\/wp-json\/wp\/v2\/posts"}],"about":[{"href":"https:\/\/www.europesays.com\/pt\/wp-json\/wp\/v2\/types\/post"}],"author":[{"embeddable":true,"href":"https:\/\/www.europesays.com\/pt\/wp-json\/wp\/v2\/users\/2"}],"replies":[{"embeddable":true,"href":"https:\/\/www.europesays.com\/pt\/wp-json\/wp\/v2\/comments?post=39912"}],"version-history":[{"count":0,"href":"https:\/\/www.europesays.com\/pt\/wp-json\/wp\/v2\/posts\/39912\/revisions"}],"wp:featuredmedia":[{"embeddable":true,"href":"https:\/\/www.europesays.com\/pt\/wp-json\/wp\/v2\/media\/39913"}],"wp:attachment":[{"href":"https:\/\/www.europesays.com\/pt\/wp-json\/wp\/v2\/media?parent=39912"}],"wp:term":[{"taxonomy":"category","embeddable":true,"href":"https:\/\/www.europesays.com\/pt\/wp-json\/wp\/v2\/categories?post=39912"},{"taxonomy":"post_tag","embeddable":true,"href":"https:\/\/www.europesays.com\/pt\/wp-json\/wp\/v2\/tags?post=39912"}],"curies":[{"name":"wp","href":"https:\/\/api.w.org\/{rel}","templated":true}]}}