{"id":39920,"date":"2025-08-22T08:55:08","date_gmt":"2025-08-22T08:55:08","guid":{"rendered":"https:\/\/www.europesays.com\/pt\/39920\/"},"modified":"2025-08-22T08:55:08","modified_gmt":"2025-08-22T08:55:08","slug":"st-juste-nos-limites-osasuna-continua-a-tentar-garantir-o-central-do-sporting-sporting","status":"publish","type":"post","link":"https:\/\/www.europesays.com\/pt\/39920\/","title":{"rendered":"St. Juste nos limites: Osasuna continua a tentar garantir o central do Sporting &#8211; Sporting"},"content":{"rendered":"<p>                    07:46<\/p>\n<p>Neg\u00f3cio esteve \u00e0 beira de ruir, por obst\u00e1culos fiscais \u2013 e n\u00e3o s\u00f3 \u2013, mas reergeu-se ao fim do dia<\/p>\n<p class=\"\">&#13;<br \/>\n        Dia de loucos no que ao neg\u00f3cio de St. Juste para o Osasuna diz respeito: ao in\u00edcio da tarde, e como <b>Record<\/b> deu conta em primeira m\u00e3o no seu site, a transfer\u00eancia do central estava bastante perto de colapsar, mas ced\u00eancias de parte a parte fizeram com que se reergue-se.&#13;\n    <\/p>\n<p>                        Para ler TODOS OS ARTIGOS RECORD PREMIUM durante o dia 22.08.2025 insira o seu n\u00famero de telem\u00f3vel e clique em OK<\/p>\n<p>Consulte a aplica\u00e7\u00e3o MBway no seu telem\u00f3vel e aceite a transa\u00e7\u00e3o&#13;\n                    <\/p>\n<p>                        Os seus dados n\u00e3o ser\u00e3o guardados pelo Record<\/p>\n<p>                    Por Ricardo Granada<\/p>\n","protected":false},"excerpt":{"rendered":"07:46 Neg\u00f3cio esteve \u00e0 beira de ruir, por obst\u00e1culos fiscais \u2013 e n\u00e3o s\u00f3 \u2013, mas reergeu-se ao&hellip;\n","protected":false},"author":2,"featured_media":39921,"comment_status":"","ping_status":"","sticky":false,"template":"","format":"standard","meta":{"footnotes":""},"categories":[87],"tags":[135,32,33,134],"class_list":{"0":"post-39920","1":"post","2":"type-post","3":"status-publish","4":"format-standard","5":"has-post-thumbnail","7":"category-desporto","8":"tag-desporto","9":"tag-portugal","10":"tag-pt","11":"tag-sports"},"share_on_mastodon":{"url":"","error":""},"_links":{"self":[{"href":"https:\/\/www.europesays.com\/pt\/wp-json\/wp\/v2\/posts\/39920","targetHints":{"allow":["GET"]}}],"collection":[{"href":"https:\/\/www.europesays.com\/pt\/wp-json\/wp\/v2\/posts"}],"about":[{"href":"https:\/\/www.europesays.com\/pt\/wp-json\/wp\/v2\/types\/post"}],"author":[{"embeddable":true,"href":"https:\/\/www.europesays.com\/pt\/wp-json\/wp\/v2\/users\/2"}],"replies":[{"embeddable":true,"href":"https:\/\/www.europesays.com\/pt\/wp-json\/wp\/v2\/comments?post=39920"}],"version-history":[{"count":0,"href":"https:\/\/www.europesays.com\/pt\/wp-json\/wp\/v2\/posts\/39920\/revisions"}],"wp:featuredmedia":[{"embeddable":true,"href":"https:\/\/www.europesays.com\/pt\/wp-json\/wp\/v2\/media\/39921"}],"wp:attachment":[{"href":"https:\/\/www.europesays.com\/pt\/wp-json\/wp\/v2\/media?parent=39920"}],"wp:term":[{"taxonomy":"category","embeddable":true,"href":"https:\/\/www.europesays.com\/pt\/wp-json\/wp\/v2\/categories?post=39920"},{"taxonomy":"post_tag","embeddable":true,"href":"https:\/\/www.europesays.com\/pt\/wp-json\/wp\/v2\/tags?post=39920"}],"curies":[{"name":"wp","href":"https:\/\/api.w.org\/{rel}","templated":true}]}}