{"id":399271,"date":"2026-05-29T12:57:15","date_gmt":"2026-05-29T12:57:15","guid":{"rendered":"https:\/\/www.europesays.com\/pt\/399271\/"},"modified":"2026-05-29T12:57:15","modified_gmt":"2026-05-29T12:57:15","slug":"noticia-ubs-vila-jardim-intensifica-vacinacao-contra-influenza-nesse-sabado-30","status":"publish","type":"post","link":"https:\/\/www.europesays.com\/pt\/399271\/","title":{"rendered":"Not\u00edcia &#8211; UBS Vila Jardim intensifica vacina\u00e7\u00e3o contra Influenza nesse s\u00e1bado, 30"},"content":{"rendered":"<p>Neste s\u00e1bado, dia 30 de maio a Unidade de Sa\u00fade da Vila Jardim realizar\u00e1 a intensifica\u00e7\u00e3o da vacina\u00e7\u00e3o contra a Influenza, al\u00e9m de disponibilizar todas as demais vacinas para a popula\u00e7\u00e3o em geral, das 08 \u00e0s 12 horas.<\/p>\n<p>\u00a0<\/p>\n<p>Com a chegada do per\u00edodo de maior circula\u00e7\u00e3o de v\u00edrus, especialmente os respirat\u00f3rios, e diante do aumento de casos em nossa cidade, refor\u00e7amos a import\u00e2ncia da vacina\u00e7\u00e3o na preven\u00e7\u00e3o de sintomas gripais e s\u00edndromes respirat\u00f3rias.<\/p>\n<p>\u00a0<\/p>\n<p>A vacina contra a Influenza \u00e9 a principal forma de preven\u00e7\u00e3o contra complica\u00e7\u00f5es causadas pela gripe, ajudando a reduzir casos graves, interna\u00e7\u00f5es e at\u00e9 mesmo \u00f3bitos. Como o v\u00edrus sofre altera\u00e7\u00f5es frequentes e a prote\u00e7\u00e3o da vacina diminui ao longo do tempo, a imuniza\u00e7\u00e3o anual \u00e9 essencial para manter a prote\u00e7\u00e3o contra as cepas em circula\u00e7\u00e3o.<\/p>\n<p>\u00a0<\/p>\n<p><strong>Aten\u00e7\u00e3o aos grupos priorit\u00e1rios:<\/strong><\/p>\n<p>. Crian\u00e7as de 6 meses a 5 anos;<\/p>\n<p>. Pessoas com 60 anos ou mais;<\/p>\n<p>. Gestantes;<\/p>\n<p>. Pu\u00e9rperas;<\/p>\n<p>. Ind\u00edgenas e quilombolas;<\/p>\n<p>. Trabalhadores da sa\u00fade;<\/p>\n<p>. Pessoas com defici\u00eancia permanente ou com comorbidades;<\/p>\n<p>. Adolescentes em medidas socioeducativas e pula\u00e7\u00e3o privada de liberdade;<\/p>\n<p>. Professores;<\/p>\n<p>. For\u00e7as Armadas\/For\u00e7as de Seguran\u00e7a e Salvamento;<\/p>\n<p>. Pessoas em situa\u00e7\u00e3o de rua;<\/p>\n<p>. Caminhoneiros e trabalhadores do transporte coletivo e rodovi\u00e1rio;\u00a0<\/p>\n<p>. Trabalhadores portu\u00e1rios e trabalhadores dos Correios<\/p>\n<p><strong>Mais informa\u00e7\u00f5es:<\/strong><br \/>UBS Vila Jardim<br \/>. Endere\u00e7o: Rua Antonio Amando de Barros, n\u00ba 723 \u2013 Vila Jardim<\/p>\n<p>. Telefone: (14) 3811-4901<\/p>\n","protected":false},"excerpt":{"rendered":"Neste s\u00e1bado, dia 30 de maio a Unidade de Sa\u00fade da Vila Jardim realizar\u00e1 a intensifica\u00e7\u00e3o da vacina\u00e7\u00e3o&hellip;\n","protected":false},"author":2,"featured_media":399272,"comment_status":"","ping_status":"","sticky":false,"template":"","format":"standard","meta":{"footnotes":"","_share_on_mastodon":"0"},"categories":[86],"tags":[34837,1300,116,5231,1133,32,3046,33,117],"class_list":["post-399271","post","type-post","status-publish","format-standard","has-post-thumbnail","category-saude","tag-botucatu","tag-cidade","tag-health","tag-municipal","tag-noticia","tag-portugal","tag-prefeitura","tag-pt","tag-saude"],"share_on_mastodon":{"url":"https:\/\/pubeurope.com\/@pt\/116657982485753903","error":""},"_links":{"self":[{"href":"https:\/\/www.europesays.com\/pt\/wp-json\/wp\/v2\/posts\/399271","targetHints":{"allow":["GET"]}}],"collection":[{"href":"https:\/\/www.europesays.com\/pt\/wp-json\/wp\/v2\/posts"}],"about":[{"href":"https:\/\/www.europesays.com\/pt\/wp-json\/wp\/v2\/types\/post"}],"author":[{"embeddable":true,"href":"https:\/\/www.europesays.com\/pt\/wp-json\/wp\/v2\/users\/2"}],"replies":[{"embeddable":true,"href":"https:\/\/www.europesays.com\/pt\/wp-json\/wp\/v2\/comments?post=399271"}],"version-history":[{"count":0,"href":"https:\/\/www.europesays.com\/pt\/wp-json\/wp\/v2\/posts\/399271\/revisions"}],"wp:featuredmedia":[{"embeddable":true,"href":"https:\/\/www.europesays.com\/pt\/wp-json\/wp\/v2\/media\/399272"}],"wp:attachment":[{"href":"https:\/\/www.europesays.com\/pt\/wp-json\/wp\/v2\/media?parent=399271"}],"wp:term":[{"taxonomy":"category","embeddable":true,"href":"https:\/\/www.europesays.com\/pt\/wp-json\/wp\/v2\/categories?post=399271"},{"taxonomy":"post_tag","embeddable":true,"href":"https:\/\/www.europesays.com\/pt\/wp-json\/wp\/v2\/tags?post=399271"}],"curies":[{"name":"wp","href":"https:\/\/api.w.org\/{rel}","templated":true}]}}