{"id":399287,"date":"2026-05-29T13:24:12","date_gmt":"2026-05-29T13:24:12","guid":{"rendered":"https:\/\/www.europesays.com\/pt\/399287\/"},"modified":"2026-05-29T13:24:12","modified_gmt":"2026-05-29T13:24:12","slug":"fotos-doumbia-apanhado-em-lisboa-com-a-camisola-do-sporting","status":"publish","type":"post","link":"https:\/\/www.europesays.com\/pt\/399287\/","title":{"rendered":"FOTOS: Doumbia \u00abapanhado\u00bb em Lisboa com a camisola do Sporting"},"content":{"rendered":"<p style=\"margin-bottom:11px\">Issa Doumbia est\u00e1 muito perto de ser oficializado como novo refor\u00e7o do Sporting. O m\u00e9dio de 22 anos <a href=\"https:\/\/maisfutebol.iol.pt\/sporting\/transferencias\/doumbia-ja-esta-em-lisboa-para-formalizar-a-transferencia-para-o-sporting\" target=\"_blank\" rel=\"nofollow noopener\"><strong>chegou a Portugal na noite de quarta-feira<\/strong><\/a> e, j\u00e1 esta manh\u00e3, foi apanhado por adeptos em Bel\u00e9m.<\/p>\n<p>O jovem italiano foi fotografado com a camisola do Sporting, sentado numa Vespa, num momento que dever\u00e1 fazer parte do v\u00eddeo de apresenta\u00e7\u00e3o.<\/p>\n<p>Tal\u00a0como o <strong>Maisfutebol <\/strong>escreveu, <a href=\"https:\/\/maisfutebol.iol.pt\/transferencias\/sporting\/sporting-doumbia-vai-mesmo-ser-leao-e-andersen-esta-na-reta-final-de-negociacao\" target=\"_blank\" rel=\"nofollow noopener\"><strong>o Sporting vai pagar ao Veneza 20 milh\u00f5es de euros fixos, com mais seis milh\u00f5es de euros em vari\u00e1veis para contratar Doumbia<\/strong><\/a>, que apontou oito golos e cinco assist\u00eancias em 2025\/26.<\/p>\n<p>RELACIONADOS<\/p>\n<p>                                                <a data-iol-identity=\"relacionados\" target=\"_blank\" href=\"https:\/\/maisfutebol.iol.pt\/sporting\/mercado\/oficial-sporting-anuncia-pedro-lima\" rel=\"nofollow noopener\">&#13;<\/p>\n<p>                                                    &#13;<\/p>\n<p>OFICIAL: Sporting anuncia Pedro Lima<\/p>\n<p>&#13;<br \/>\n                                                <\/a><\/p>\n<p>                                                <a data-iol-identity=\"relacionados\" target=\"_blank\" href=\"https:\/\/maisfutebol.iol.pt\/mundial-2026\/colombia\/atencao-sporting-luis-suarez-ja-esta-na-concentracao-da-colombia\" rel=\"nofollow noopener\">&#13;<\/p>\n<p>                                                    &#13;<\/p>\n<p>Aten\u00e7\u00e3o, Sporting: Luis Su\u00e1rez j\u00e1 est\u00e1 na concentra\u00e7\u00e3o da Col\u00f4mbia<\/p>\n<p>&#13;<br \/>\n                                                <\/a><\/p>\n<p>                                                <a data-iol-identity=\"relacionados\" target=\"_blank\" href=\"https:\/\/maisfutebol.iol.pt\/sporting\/transferencias\/doumbia-ja-esta-em-lisboa-para-formalizar-a-transferencia-para-o-sporting\" rel=\"nofollow noopener\">&#13;<\/p>\n<p>                                                    &#13;<\/p>\n<p>Doumbia j\u00e1 est\u00e1 em Lisboa para formalizar a transfer\u00eancia para o Sporting<\/p>\n<p>&#13;<br \/>\n                                                <\/a><\/p>\n","protected":false},"excerpt":{"rendered":"Issa Doumbia est\u00e1 muito perto de ser oficializado como novo refor\u00e7o do Sporting. O m\u00e9dio de 22 anos&hellip;\n","protected":false},"author":2,"featured_media":399288,"comment_status":"","ping_status":"","sticky":false,"template":"","format":"standard","meta":{"footnotes":"","_share_on_mastodon":"0"},"categories":[87],"tags":[135,58972,46,40,42,41,728,32,33,47,34,134,35],"class_list":["post-399287","post","type-post","status-publish","format-standard","has-post-thumbnail","category-desporto","tag-desporto","tag-issa-doumbia","tag-maisfutebol","tag-maistransferencias","tag-mercado","tag-mercado-de-transferencias","tag-mercado-sporting","tag-portugal","tag-pt","tag-pura-paixao","tag-sporting","tag-sports","tag-transferencias"],"share_on_mastodon":{"url":"https:\/\/pubeurope.com\/@pt\/116658088676270425","error":""},"_links":{"self":[{"href":"https:\/\/www.europesays.com\/pt\/wp-json\/wp\/v2\/posts\/399287","targetHints":{"allow":["GET"]}}],"collection":[{"href":"https:\/\/www.europesays.com\/pt\/wp-json\/wp\/v2\/posts"}],"about":[{"href":"https:\/\/www.europesays.com\/pt\/wp-json\/wp\/v2\/types\/post"}],"author":[{"embeddable":true,"href":"https:\/\/www.europesays.com\/pt\/wp-json\/wp\/v2\/users\/2"}],"replies":[{"embeddable":true,"href":"https:\/\/www.europesays.com\/pt\/wp-json\/wp\/v2\/comments?post=399287"}],"version-history":[{"count":0,"href":"https:\/\/www.europesays.com\/pt\/wp-json\/wp\/v2\/posts\/399287\/revisions"}],"wp:featuredmedia":[{"embeddable":true,"href":"https:\/\/www.europesays.com\/pt\/wp-json\/wp\/v2\/media\/399288"}],"wp:attachment":[{"href":"https:\/\/www.europesays.com\/pt\/wp-json\/wp\/v2\/media?parent=399287"}],"wp:term":[{"taxonomy":"category","embeddable":true,"href":"https:\/\/www.europesays.com\/pt\/wp-json\/wp\/v2\/categories?post=399287"},{"taxonomy":"post_tag","embeddable":true,"href":"https:\/\/www.europesays.com\/pt\/wp-json\/wp\/v2\/tags?post=399287"}],"curies":[{"name":"wp","href":"https:\/\/api.w.org\/{rel}","templated":true}]}}