{"id":399617,"date":"2026-05-29T18:03:32","date_gmt":"2026-05-29T18:03:32","guid":{"rendered":"https:\/\/www.europesays.com\/pt\/399617\/"},"modified":"2026-05-29T18:03:32","modified_gmt":"2026-05-29T18:03:32","slug":"netanyahu-da-ordens-ao-exercito-para-tomar-70-por-cento-da-faixa-de-gaza","status":"publish","type":"post","link":"https:\/\/www.europesays.com\/pt\/399617\/","title":{"rendered":"Netanyahu d\u00e1 ordens ao ex\u00e9rcito para tomar 70 por cento da Faixa de Gaza"},"content":{"rendered":"\n<p>&#13;<br \/>\n<b>&#8220;Neste momento, temos o [movimento islamita] Hamas pela garganta. Controlamos agora 60% do territ\u00f3rio da Faixa [de Gaza]. Como sabem, est\u00e1vamos nos 50% [ap\u00f3s a entrada em vigor do cessar-fogo], pass\u00e1mos para 60%, e a minha diretiva \u00e9 chegar aos [&#8230;] 70&#8221;<\/b>, declarou Benjamin Netanyahu durante uma confer\u00eancia na Cisjord\u00e2nia ocupada, da qual o canal 12 divulgou um excerto na Internet.&#13;\n<\/p>\n<p>&#13;<br \/>\nEstas declara\u00e7\u00f5es surgem numa altura em que Gaza continua a ser palco de epis\u00f3dios di\u00e1rios de viol\u00eancia, com os ataques israelitas recorrentes.<br \/>&#13;\n<\/p>\n<p>          <img decoding=\"async\" itemprop=\"image\" class=\"img-fluid\"   src=\"https:\/\/www.europesays.com\/pt\/wp-content\/uploads\/2026\/05\/68403eadefd3e27565d51354b2668440_N.jpg\"\/><\/p>\n<p>\nO cessar-fogo entrou em vigor sob press\u00e3o dos Estados Unidos a 10 de<br \/>\noutubro, dois anos ap\u00f3s o in\u00edcio da guerra a 7 de outubro de 2023.<\/p>\n<p>Nos termos do cessar-fogo, as for\u00e7as israelitas deveriam retirar-se para l\u00e1 de uma &#8220;linha amarela&#8221;, nome dado \u00e0 linha de demarca\u00e7\u00e3o entre a \u00e1rea controlada pelo Hamas e a controlada pelo ex\u00e9rcito israelita, o que conferia a este \u00faltimo o controlo de pouco mais de 50% do territ\u00f3rio.&#13;<\/p>\n","protected":false},"excerpt":{"rendered":"&#13; &#8220;Neste momento, temos o [movimento islamita] Hamas pela garganta. Controlamos agora 60% do territ\u00f3rio da Faixa [de&hellip;\n","protected":false},"author":2,"featured_media":399618,"comment_status":"","ping_status":"","sticky":false,"template":"","format":"standard","meta":{"footnotes":"","_share_on_mastodon":"0"},"categories":[50],"tags":[27,28,7191,5719,15,16,14,25,26,21,22,62,12,13,19,20,23,24,17,18,29,30,31,63,64,65],"class_list":["post-399617","post","type-post","status-publish","format-standard","has-post-thumbnail","category-mundo","tag-breaking-news","tag-breakingnews","tag-cisjordania","tag-faixa","tag-featured-news","tag-featurednews","tag-headlines","tag-latest-news","tag-latestnews","tag-main-news","tag-mainnews","tag-mundo","tag-news","tag-noticias","tag-noticias-principais","tag-noticiasprincipais","tag-principais-noticias","tag-principaisnoticias","tag-top-stories","tag-topstories","tag-ultimas","tag-ultimas-noticias","tag-ultimasnoticias","tag-world","tag-world-news","tag-worldnews"],"share_on_mastodon":{"url":"https:\/\/pubeurope.com\/@pt\/116659185720281309","error":""},"_links":{"self":[{"href":"https:\/\/www.europesays.com\/pt\/wp-json\/wp\/v2\/posts\/399617","targetHints":{"allow":["GET"]}}],"collection":[{"href":"https:\/\/www.europesays.com\/pt\/wp-json\/wp\/v2\/posts"}],"about":[{"href":"https:\/\/www.europesays.com\/pt\/wp-json\/wp\/v2\/types\/post"}],"author":[{"embeddable":true,"href":"https:\/\/www.europesays.com\/pt\/wp-json\/wp\/v2\/users\/2"}],"replies":[{"embeddable":true,"href":"https:\/\/www.europesays.com\/pt\/wp-json\/wp\/v2\/comments?post=399617"}],"version-history":[{"count":0,"href":"https:\/\/www.europesays.com\/pt\/wp-json\/wp\/v2\/posts\/399617\/revisions"}],"wp:featuredmedia":[{"embeddable":true,"href":"https:\/\/www.europesays.com\/pt\/wp-json\/wp\/v2\/media\/399618"}],"wp:attachment":[{"href":"https:\/\/www.europesays.com\/pt\/wp-json\/wp\/v2\/media?parent=399617"}],"wp:term":[{"taxonomy":"category","embeddable":true,"href":"https:\/\/www.europesays.com\/pt\/wp-json\/wp\/v2\/categories?post=399617"},{"taxonomy":"post_tag","embeddable":true,"href":"https:\/\/www.europesays.com\/pt\/wp-json\/wp\/v2\/tags?post=399617"}],"curies":[{"name":"wp","href":"https:\/\/api.w.org\/{rel}","templated":true}]}}