{"id":39994,"date":"2025-08-22T09:56:08","date_gmt":"2025-08-22T09:56:08","guid":{"rendered":"https:\/\/www.europesays.com\/pt\/39994\/"},"modified":"2025-08-22T09:56:08","modified_gmt":"2025-08-22T09:56:08","slug":"tensao-cresce-dois-paises-da-ue-e-da-nato-fazem-queixa-a-bruxelas-apos-ataque-da-ucrania-a-solo-russo","status":"publish","type":"post","link":"https:\/\/www.europesays.com\/pt\/39994\/","title":{"rendered":"Tens\u00e3o cresce: dois pa\u00edses da UE e da NATO fazem queixa a Bruxelas ap\u00f3s ataque da Ucr\u00e2nia a solo russo"},"content":{"rendered":"<p>\t                R\u00fassia acusa a Ucr\u00e2nia de lan\u00e7ar ataque com drones e m\u00edsseis junto \u00e0 fronteira da Bielorr\u00fassia. \u00c9 o segundo caso em menos de uma semana<\/p>\n<p style=\"margin-bottom:11px\">Est\u00e1 a come\u00e7ar a estalar a s\u00e9rio a rela\u00e7\u00e3o entre a Ucr\u00e2nia e dois pa\u00edses que s\u00e3o membros da Uni\u00e3o Europeia e da NATO.<\/p>\n<p>Tudo por causa do oleoduto de Druzhba, que foi atacado pela segunda vez esta semana, mas desta vez com maior gravidade, o que levou Hungria e Eslov\u00e1quia a terem uma rea\u00e7\u00e3o mais musculada, incluindo com queixas \u00e0 Comiss\u00e3o Europeia.<\/p>\n<p>Dizem os dois pa\u00edses, cujos l\u00edderes s\u00e3o dos mais pr\u00f3ximos que h\u00e1 pelo Ocidente, que o fornecimento de petr\u00f3leo atrav\u00e9s daquele oleoduto foi seriamente comprometido, podendo mesmo ser suspenso at\u00e9 cinco dias.<\/p>\n<p>Na leitura de Hungria e Eslov\u00e1quia, este \u00e9 um caso que coloca em causa a seguran\u00e7a energ\u00e9tica dos dois pa\u00edses, que continuam a contar com combust\u00edvel f\u00f3ssil vindo da R\u00fassia para manterem as suas opera\u00e7\u00f5es di\u00e1rias.<\/p>\n<p>Como forma de press\u00e3o, a R\u00fassia afirmou que foi a Ucr\u00e2nia a conduzir, atrav\u00e9s de m\u00edsseis e drones, o ataque ao oleoduto de Druzhba, atingido na zona de Unecha, regi\u00e3o russa de Bryansk, junto \u00e0 fronteira com a Bielorr\u00fassia, onde existe uma esta\u00e7\u00e3o crucial para o funcionamento e envio de petr\u00f3leo.<\/p>\n<p>A Ucr\u00e2nia acabaria por confirmar esse mesmo ataque minutos mais tarde, mas ainda antes de uma queixa formal de Hungria e Eslov\u00e1quia.<\/p>\n<p>Os dois pa\u00edses pediram \u00e0 Comiss\u00e3o Europeia que garanta a seguran\u00e7a dos abastecimentos, naquilo que \u00e9 um claro recado contra a Ucr\u00e2nia.<\/p>\n<p>\u201cA realidade f\u00edsica e geogr\u00e1fica \u00e9 que, sem o oleoduto, o fornecimento seguro dos nossos pa\u00edses simplesmente n\u00e3o \u00e9 poss\u00edvel\u201d, escreveram os ministros dos Neg\u00f3cios Estrangeiros de ambos os pa\u00edses, Peter Szijj\u00e1rt\u00f3 e Juraj Blanar.<\/p>\n<p>Numa publica\u00e7\u00e3o \u00e0 parte, o ministro h\u00fangaro afirmou que est\u00e1 em causa a \u201cpaz e os interesses nacionais\u201d do pa\u00eds, numa rea\u00e7\u00e3o que surge dois dias depois de uma troca de acusa\u00e7\u00f5es com o hom\u00f3logo ucraniano.<\/p>\n<p>\u201cA Ucr\u00e2nia voltou a atacar um oleoduto que vai para a Hungria, cortando o abastecimento. Este \u00faltimo ataque \u00e0 nossa seguran\u00e7a energ\u00e9tica \u00e9 revoltante e inaceit\u00e1vel\u201d, escreveu o ministro na sua conta na segunda-feira, ainda antes da reuni\u00e3o que juntou Volodymyr Zelensky e os l\u00edderes europeus com Donald Trump.<\/p>\n<p>Nessa mesma publica\u00e7\u00e3o informou que tinha falado diretamente com o Kremlin, tendo ligado ao vice-ministro da Energia da R\u00fassia, Pavel Sorokin, que informou a Hungria que especialistas j\u00e1 est\u00e3o no terreno para tentar resolver o problema.<\/p>\n<p>\u201cPor tr\u00eas anos e meio, Bruxelas e Kiev tentaram arrastar a Hungria para a guerra com a Ucr\u00e2nia. Estes repetidos ataques ucranianos ao nosso fornecimento de energia servem esse mesmo prop\u00f3sito. Deixem-me ser claro: esta n\u00e3o \u00e9 a nossa guerra. N\u00e3o temos nada que ver com isso e, enquanto estivermos no comando, a Hungria vai ficar de fora\u201d, acrescentou Peter Szijj\u00e1rt\u00f3.<\/p>\n<p>\u201cFinalmente, um aviso aos decisores ucranianos: a eletricidade da Hungria desempenha um papel vital no fornecimento do vosso pa\u00eds\u2026\u201d, terminou o ministro h\u00fangaro.<\/p>\n<p>Na altura, a Ucr\u00e2nia respondeu de forma ir\u00f3nica, atrav\u00e9s do seu ministro dos Neg\u00f3cios Estrangeiros, Andrii Sybiha, que sugeriu que a Hungria \u201cagora pode enviar cumprimentos\u201d \u00e0 R\u00fassia, numa clara provoca\u00e7\u00e3o.<\/p>\n<p>A publica\u00e7\u00e3o do ministro ucraniano na rede social X n\u00e3o negou ou confirmou quaisquer alega\u00e7\u00f5es de ataques.<\/p>\n<p>\u201cFoi a R\u00fassia, n\u00e3o a Ucr\u00e2nia, que come\u00e7ou esta guerra e recusa acab\u00e1-la. H\u00e1 anos que foi dito \u00e0 Hungria que Moscovo n\u00e3o \u00e9 fi\u00e1vel. Apesar disso, a Hungria fez todos os esfor\u00e7os para manter a sua confian\u00e7a na R\u00fassia\u201d, escreveu.<\/p>\n","protected":false},"excerpt":{"rendered":"R\u00fassia acusa a Ucr\u00e2nia de lan\u00e7ar ataque com drones e m\u00edsseis junto \u00e0 fronteira da Bielorr\u00fassia. \u00c9 o&hellip;\n","protected":false},"author":2,"featured_media":39995,"comment_status":"","ping_status":"","sticky":false,"template":"","format":"standard","meta":{"footnotes":""},"categories":[50],"tags":[609,836,611,27,28,607,608,333,1834,832,604,135,610,476,12225,15,16,301,830,14,1991,603,25,26,570,21,22,831,833,62,834,12,13,19,20,835,602,52,32,23,24,839,17,18,840,29,30,31,63,64,65],"class_list":{"0":"post-39994","1":"post","2":"type-post","3":"status-publish","4":"format-standard","5":"has-post-thumbnail","7":"category-mundo","8":"tag-alerta","9":"tag-analise","10":"tag-ao-minuto","11":"tag-breaking-news","12":"tag-breakingnews","13":"tag-cnn","14":"tag-cnn-portugal","15":"tag-comentadores","16":"tag-comissao-europeia","17":"tag-costa","18":"tag-crime","19":"tag-desporto","20":"tag-direto","21":"tag-economia","22":"tag-eslovaquia","23":"tag-featured-news","24":"tag-featurednews","25":"tag-governo","26":"tag-guerra","27":"tag-headlines","28":"tag-hungria","29":"tag-justica","30":"tag-latest-news","31":"tag-latestnews","32":"tag-live","33":"tag-main-news","34":"tag-mainnews","35":"tag-mais-vistas","36":"tag-marcelo","37":"tag-mundo","38":"tag-negocios","39":"tag-news","40":"tag-noticias","41":"tag-noticias-principais","42":"tag-noticiasprincipais","43":"tag-opiniao","44":"tag-pais","45":"tag-politica","46":"tag-portugal","47":"tag-principais-noticias","48":"tag-principaisnoticias","49":"tag-russia","50":"tag-top-stories","51":"tag-topstories","52":"tag-ucrania","53":"tag-ultimas","54":"tag-ultimas-noticias","55":"tag-ultimasnoticias","56":"tag-world","57":"tag-world-news","58":"tag-worldnews"},"share_on_mastodon":{"url":"","error":""},"_links":{"self":[{"href":"https:\/\/www.europesays.com\/pt\/wp-json\/wp\/v2\/posts\/39994","targetHints":{"allow":["GET"]}}],"collection":[{"href":"https:\/\/www.europesays.com\/pt\/wp-json\/wp\/v2\/posts"}],"about":[{"href":"https:\/\/www.europesays.com\/pt\/wp-json\/wp\/v2\/types\/post"}],"author":[{"embeddable":true,"href":"https:\/\/www.europesays.com\/pt\/wp-json\/wp\/v2\/users\/2"}],"replies":[{"embeddable":true,"href":"https:\/\/www.europesays.com\/pt\/wp-json\/wp\/v2\/comments?post=39994"}],"version-history":[{"count":0,"href":"https:\/\/www.europesays.com\/pt\/wp-json\/wp\/v2\/posts\/39994\/revisions"}],"wp:featuredmedia":[{"embeddable":true,"href":"https:\/\/www.europesays.com\/pt\/wp-json\/wp\/v2\/media\/39995"}],"wp:attachment":[{"href":"https:\/\/www.europesays.com\/pt\/wp-json\/wp\/v2\/media?parent=39994"}],"wp:term":[{"taxonomy":"category","embeddable":true,"href":"https:\/\/www.europesays.com\/pt\/wp-json\/wp\/v2\/categories?post=39994"},{"taxonomy":"post_tag","embeddable":true,"href":"https:\/\/www.europesays.com\/pt\/wp-json\/wp\/v2\/tags?post=39994"}],"curies":[{"name":"wp","href":"https:\/\/api.w.org\/{rel}","templated":true}]}}