{"id":400268,"date":"2026-05-30T09:46:13","date_gmt":"2026-05-30T09:46:13","guid":{"rendered":"https:\/\/www.europesays.com\/pt\/400268\/"},"modified":"2026-05-30T09:46:13","modified_gmt":"2026-05-30T09:46:13","slug":"o-que-fazer-neste-fim-de-semana-ir-as-cerejas-aos-livros-e-aos-jardins-lazer","status":"publish","type":"post","link":"https:\/\/www.europesays.com\/pt\/400268\/","title":{"rendered":"O que fazer neste fim-de-semana? Ir \u00e0s cerejas, aos livros e aos jardins | Lazer"},"content":{"rendered":"<p>Feira do Livro de Lisboa<\/p>\n<p dir=\"ltr\"><strong>LISBOA Parque Eduardo VII. De 27\/5 a 14\/6. Segunda a quinta, das 12h \u00e0s 22h; sexta e v\u00e9spera de feriados, das 12h \u00e0s 23h; s\u00e1bado, das 10h \u00e0s 23h; domingo e feriados, das 10h \u00e0s 22h. Entrada livre<\/strong><\/p>\n<p dir=\"ltr\">Organizado pela APEL &#8211; Associa\u00e7\u00e3o Portuguesa de Editores e Livreiros com o apoio da C\u00e2mara Municipal de Lisboa, o certame celebra a 96.\u00aa edi\u00e7\u00e3o com uma montra onde cabem cerca de 900 marcas editoriais distribu\u00eddas por 350 pavilh\u00f5es, a que se junta um card\u00e1pio com mais de 2200 eventos.<\/p>\n<p dir=\"ltr\">A par dos livros e dos habituais lan\u00e7amentos, sess\u00f5es de aut\u00f3grafos e encontros com autores, h\u00e1 um programa paralelo apontado a todas as idades e interesses e concretizado por meio de concertos, oficinas, leituras, exposi\u00e7\u00f5es, ofertas especiais na Hora H, cinema ao ar livre e festas de leitura silenciosa. Mais informa\u00e7\u00f5es em <a href=\"https:\/\/feiradolivrodelisboa.pt\/\" target=\"_blank\" rel=\"nofollow noopener\">feiradolivrodelisboa.pt.<\/a><\/p>\n<p>        &#13;<\/p>\n<p>&#13;<br \/>\n                &#13;\n            <\/p>\n<p>&#13;<\/p>\n<p>Jardins Abertos<\/p>\n<p dir=\"ltr\"><strong>LISBOA V\u00e1rios locais. De 23\/5 a 31\/5. S\u00e1bado e domingo, v\u00e1rios hor\u00e1rios. Entrada livre<\/strong><\/p>\n<p dir=\"ltr\">Entre jardins secretos, projectos comunit\u00e1rios, colec\u00e7\u00f5es raras, hortas, claustros e pal\u00e1cios, a ordem \u00e9 para entrar nas duas dezenas de espa\u00e7os associados \u00e0 causa, descobrir as esp\u00e9cies que os habitam e outras curiosidades bot\u00e2nicas, olhar para o que podemos colher e comer, e aprender com quem sabe da mat\u00e9ria. O mapa de coordenadas da 15.\u00aa edi\u00e7\u00e3o da iniciativa pode ser consultado em <a href=\"http:\/\/www.jardinsabertos.com\" target=\"_blank\" rel=\"nofollow noopener\">www.jardinsabertos.com<\/a>.<\/p>\n<p>        &#13;<\/p>\n<p>&#13;<br \/>\n                &#13;\n            <\/p>\n<p>&#13;<\/p>\n<p>Festival da Cereja<\/p>\n<p dir=\"ltr\"><strong>RESENDE Largo da Feira. De 30\/5 a 7\/6. S\u00e1bado e domingo, das 10h30 \u00e0s 19h. Entrada livre<\/strong><\/p>\n<p dir=\"ltr\">No distrito de Viseu, a vila de Resende enfeita ruas e pra\u00e7as com cestas de cerejas, numa iniciativa que pretende valorizar um dos produtos de excel\u00eancia do concelho. Na montra, a par do fruto suculento a pre\u00e7os especiais, est\u00e1 a oportunidade de provar e adquirir outras iguarias relacionadas (como licores, compotas ou doces), Cavacas de Resende e artesanato local. M\u00fasica e anima\u00e7\u00e3o de rua completam a oferta que, este ano, traz como grande novidade a Rota das Cerejas de Resende, cortesia da CP &#8211; Comboios de Portugal (com partida e chegada na Esta\u00e7\u00e3o de Porto Campanh\u00e3).<\/p>\n<p>M\u00e3es<\/p>\n<p dir=\"ltr\"><strong>PORTO Coliseu Porto Ageas. De 28\/5 a 31\/5. Quinta a s\u00e1bado, \u00e0s 21h; domingo, \u00e0s 16h. M\/14. 15\u20ac a 30\u20ac<\/strong><\/p>\n<p dir=\"ltr\">Ana Cloe, Gabriela Barros, Raquel Tillo e T\u00e2nia Alves s\u00e3o as \u201cm\u00e3es\u201d que d\u00e3o vida e t\u00edtulo \u00e0 vers\u00e3o portuguesa do musical de sucesso da Broadway, assinado por Sue Fabisch e aqui encenado por Ricardo Neves-Neves. Em cena est\u00e3o tr\u00eas m\u00e3es e uma gr\u00e1vida que se juntam num baby shower e um rol de reflex\u00f5es cheias de humor e realismo sobre os desafios da maternidade.<\/p>\n<p>Encontro Liter\u00e1rio Conta-Rinhar<\/p>\n<p dir=\"ltr\"><strong>GUIMAR\u00c3ES Centro de Artes e Of\u00edcios dos Fornos da Cruz de Pedra e Centro Internacional das Artes Jos\u00e9 de Guimar\u00e3es. Dias 30\/5 e 31\/5, a partir das 10h. Entrada livre<\/strong><\/p>\n<p dir=\"ltr\">Organizado pel\u2019A Oficina em parceria com a Livraria Rimas e Tabuadas, o novo evento vai beber \u00e0 Cantarinha dos Namorados de Guimar\u00e3es, patrim\u00f3nio identit\u00e1rio vimaranense que n\u00e3o s\u00f3 empresta a imagem ao cartaz como tamb\u00e9m \u00e9 fio condutor de conversas, apresenta\u00e7\u00f5es de livros, oficinas, visitas po\u00e9ticas e momentos musicais. Um di\u00e1logo \u201centre a tradi\u00e7\u00e3o material e a express\u00e3o liter\u00e1ria contempor\u00e2nea\u201d que alinha nomes como S\u00e9rgio Godinho, M\u00e1rio Moreira ou Marta Hugon e d\u00e1 espa\u00e7o na tela ao document\u00e1rio Cantarinha Caminheira.<\/p>\n<p>Petiscos do Pescador<\/p>\n<p dir=\"ltr\"><strong>LOUL\u00c9 Jardim Filipe Jonas &#8211; Quarteira. De 29\/5 a 31\/5. Entrada livre<\/strong><\/p>\n<p dir=\"ltr\">Quarteira celebra a sua comunidade piscat\u00f3ria e o Dia do Pescador (31 de Maio) com uma festa de tr\u00eas dias. Tasquinhas com petiscos locais, anima\u00e7\u00e3o musical com nomes como Badoxa, Delfins ou Augusto Can\u00e1rio, e a tradicional lavada (arrastar as redes de pesca para terra) s\u00e3o os pontos de honra.<\/p>\n<p>Fnac Live<\/p>\n<p dir=\"ltr\"><strong>LISBOA Jardins da Torre de Bel\u00e9m. Dia 30\/5, a partir das 15h30. Gr\u00e1tis<\/strong><\/p>\n<p dir=\"ltr\">Com um cartaz a representar \u201co melhor da m\u00fasica portuguesa\u201d, a 14.\u00aa edi\u00e7\u00e3o do festival convoca Carminho, Valter Lobo, Carolina Deslandes, Deixem o Pimba em Paz e Toz\u00e9 Brito (de) Novo. Ao palco Novos Talentos sobem Mateus Verde, Bad Tomato, In\u00eas Sousa e Must Be Blue.<\/p>\n","protected":false},"excerpt":{"rendered":"Feira do Livro de Lisboa LISBOA Parque Eduardo VII. De 27\/5 a 14\/6. Segunda a quinta, das 12h&hellip;\n","protected":false},"author":2,"featured_media":400269,"comment_status":"","ping_status":"","sticky":false,"template":"","format":"standard","meta":{"footnotes":"","_share_on_mastodon":"0"},"categories":[85],"tags":[1632,64494,114,115,7439,287,754,16834,294,1633,542,290,32,33,291],"class_list":["post-400268","post","type-post","status-publish","format-standard","has-post-thumbnail","category-entretenimento","tag-agenda","tag-cerejas","tag-entertainment","tag-entretenimento","tag-feira-do-livro","tag-fugas","tag-gastronomia","tag-jardins","tag-lazer","tag-o-que-fazer","tag-para-redes","tag-passeios","tag-portugal","tag-pt","tag-relaxar"],"share_on_mastodon":{"url":"","error":""},"_links":{"self":[{"href":"https:\/\/www.europesays.com\/pt\/wp-json\/wp\/v2\/posts\/400268","targetHints":{"allow":["GET"]}}],"collection":[{"href":"https:\/\/www.europesays.com\/pt\/wp-json\/wp\/v2\/posts"}],"about":[{"href":"https:\/\/www.europesays.com\/pt\/wp-json\/wp\/v2\/types\/post"}],"author":[{"embeddable":true,"href":"https:\/\/www.europesays.com\/pt\/wp-json\/wp\/v2\/users\/2"}],"replies":[{"embeddable":true,"href":"https:\/\/www.europesays.com\/pt\/wp-json\/wp\/v2\/comments?post=400268"}],"version-history":[{"count":0,"href":"https:\/\/www.europesays.com\/pt\/wp-json\/wp\/v2\/posts\/400268\/revisions"}],"wp:featuredmedia":[{"embeddable":true,"href":"https:\/\/www.europesays.com\/pt\/wp-json\/wp\/v2\/media\/400269"}],"wp:attachment":[{"href":"https:\/\/www.europesays.com\/pt\/wp-json\/wp\/v2\/media?parent=400268"}],"wp:term":[{"taxonomy":"category","embeddable":true,"href":"https:\/\/www.europesays.com\/pt\/wp-json\/wp\/v2\/categories?post=400268"},{"taxonomy":"post_tag","embeddable":true,"href":"https:\/\/www.europesays.com\/pt\/wp-json\/wp\/v2\/tags?post=400268"}],"curies":[{"name":"wp","href":"https:\/\/api.w.org\/{rel}","templated":true}]}}