{"id":400461,"date":"2026-05-30T13:09:19","date_gmt":"2026-05-30T13:09:19","guid":{"rendered":"https:\/\/www.europesays.com\/pt\/400461\/"},"modified":"2026-05-30T13:09:19","modified_gmt":"2026-05-30T13:09:19","slug":"toda-a-gente-tem-phda-o-perigo-dos-autodiagnosticos-na-era-das-redes-sociais-por-vera-de-melo","status":"publish","type":"post","link":"https:\/\/www.europesays.com\/pt\/400461\/","title":{"rendered":"&#8220;&#8216;Toda a gente tem PHDA?&#8217; O perigo dos autodiagn\u00f3sticos na era das redes sociais&#8221;, por Vera de Melo"},"content":{"rendered":"<p>Basta passar alguns minutos nas redes sociais para encontrar v\u00eddeos que prometem ajudar-te a descobrir se tens Perturba\u00e7\u00e3o de Hiperatividade e D\u00e9fice de Aten\u00e7\u00e3o (PHDA). Esqueceste-te das chaves? Tens PHDA. Saltas de tarefa em tarefa? Tens PHDA. Ficas distra\u00eddo numa reuni\u00e3o? Tens PHDA.<\/p>\n<p>A mensagem \u00e9 simples, r\u00e1pida e apelativa. O problema \u00e9 que a realidade \u00e9 muito mais complexa.<\/p>\n<p>O c\u00e9rebro humano n\u00e3o cabe num v\u00eddeo de 30 segundos.<\/p>\n<p>A psicologia e a psiquiatria trabalham h\u00e1 d\u00e9cadas para compreender a PHDA. Sabemos hoje que se trata de uma condi\u00e7\u00e3o do neurodesenvolvimento que afeta a aten\u00e7\u00e3o, a impulsividade e a capacidade de autorregula\u00e7\u00e3o.<\/p>\n<p>Mas ter alguns comportamentos associados \u00e0 PHDA n\u00e3o significa ter PHDA.<\/p>\n<p>Todos n\u00f3s, em determinados momentos da vida, sentimos dificuldade em concentrar-nos, esquecemo-nos de compromissos, procrastinamos ou sentimos a mente dispersa. Estes comportamentos fazem parte da experi\u00eancia humana e podem surgir por in\u00fameras raz\u00f5es.<\/p>\n<p>Stress.<\/p>\n<p>Ansiedade.<\/p>\n<p>Priva\u00e7\u00e3o de sono.<\/p>\n<p>Sobrecarga mental.<\/p>\n<p>Burnout.<\/p>\n<p>Problemas emocionais.<\/p>\n<p>Uso excessivo de tecnologia.<\/p>\n<p>A quest\u00e3o n\u00e3o \u00e9 apenas &#8220;o que sentes&#8221;, mas tamb\u00e9m a intensidade, a frequ\u00eancia, a dura\u00e7\u00e3o e o impacto que esses sintomas t\u00eam na tua vida.<\/p>\n<p>Porque \u00e9 que os autodiagn\u00f3sticos s\u00e3o t\u00e3o apelativos?<\/p>\n<p>Do ponto de vista psicol\u00f3gico, os seres humanos procuram explica\u00e7\u00f5es para aquilo que sentem.<\/p>\n<p>Quando algu\u00e9m encontra uma descri\u00e7\u00e3o que parece encaixar nas suas dificuldades, sente frequentemente al\u00edvio.<\/p>\n<p>Finalmente, h\u00e1 uma resposta.<\/p>\n<p>Finalmente, algo faz sentido.<\/p>\n<p>Esse processo \u00e9 compreens\u00edvel e profundamente humano.<\/p>\n<p>O problema surge quando a necessidade de encontrar uma explica\u00e7\u00e3o se transforma numa certeza absoluta sem uma avalia\u00e7\u00e3o adequada.<\/p>\n<p>O c\u00e9rebro tem tend\u00eancia para procurar confirma\u00e7\u00f5es daquilo em que j\u00e1 acredita. Este fen\u00f3meno, conhecido como vi\u00e9s de confirma\u00e7\u00e3o, leva-nos a selecionar informa\u00e7\u00f5es que validam a nossa hip\u00f3tese e a ignorar tudo o que a contradiz.<\/p>\n<p>Assim, depois de uma pessoa acreditar que tem PHDA, come\u00e7a a interpretar muitos dos seus comportamentos atrav\u00e9s dessa lente.<\/p>\n<p>A influ\u00eancia das redes sociais <\/p>\n<p>As redes sociais trouxeram algo muito positivo: mais conversa sobre sa\u00fade mental.<\/p>\n<p>Muitas pessoas reconheceram dificuldades que nunca tinham conseguido nomear e procuraram ajuda profissional gra\u00e7as \u00e0 informa\u00e7\u00e3o que encontraram online.<\/p>\n<p>No entanto, existe tamb\u00e9m um lado menos positivo.<\/p>\n<p>Os algoritmos privilegiam conte\u00fados r\u00e1pidos, emocionais e simplificados.<\/p>\n<p>Uma condi\u00e7\u00e3o cl\u00ednica complexa acaba frequentemente reduzida a listas de sinais universais com os quais praticamente qualquer pessoa se identifica.<\/p>\n<p>Quando isso acontece, corre-se o risco de transformar caracter\u00edsticas humanas normais em sintomas cl\u00ednicos.<\/p>\n<p>Nem toda a distra\u00e7\u00e3o \u00e9 PHDA.<\/p>\n<p>Nem toda a procrastina\u00e7\u00e3o \u00e9 PHDA.<\/p>\n<p>Nem toda a dificuldade de concentra\u00e7\u00e3o \u00e9 PHDA.<\/p>\n<p>O risco de ignorar aquilo que realmente est\u00e1 a acontecer <\/p>\n<p>Um dos maiores perigos dos autodiagn\u00f3sticos \u00e9 que podem afastar as pessoas da verdadeira origem do seu sofrimento.<\/p>\n<p>Algu\u00e9m pode acreditar que tem PHDA quando, na realidade, est\u00e1 a viver um per\u00edodo de ansiedade intensa.<\/p>\n<p>Outra pessoa pode atribuir todas as suas dificuldades \u00e0 PHDA quando est\u00e1 emocionalmente exausta ou em burnout.<\/p>\n<p>Sem uma avalia\u00e7\u00e3o cuidada, corre-se o risco de procurar respostas no lugar errado.<\/p>\n<p>E quando procuramos respostas erradas, tamb\u00e9m tendemos a procurar solu\u00e7\u00f5es erradas.<\/p>\n<p>Diagnosticar \u00e9 muito mais do que reconhecer sintomas<\/p>\n<p>Um diagn\u00f3stico psicol\u00f3gico n\u00e3o \u00e9 feito atrav\u00e9s de um v\u00eddeo, de um question\u00e1rio online ou de uma lista de caracter\u00edsticas partilhada nas redes sociais.<\/p>\n<p>Envolve uma avalia\u00e7\u00e3o cl\u00ednica rigorosa, a an\u00e1lise da hist\u00f3ria de vida da pessoa, do seu funcionamento em diferentes contextos e do impacto real dos sintomas ao longo do tempo.<\/p>\n<p>Os profissionais n\u00e3o procuram apenas sinais de uma perturba\u00e7\u00e3o.<\/p>\n<p>Procuram compreender a pessoa como um todo.<\/p>\n<p>Entre a curiosidade e a certeza <\/p>\n<p>\u00c9 importante distinguir duas coisas.<\/p>\n<p>Suspeitar n\u00e3o \u00e9 diagnosticar.<\/p>\n<p>Identificar-se com alguns conte\u00fados sobre PHDA pode ser um ponto de partida para a reflex\u00e3o. Pode at\u00e9 ser um motivo v\u00e1lido para procurar uma avalia\u00e7\u00e3o especializada.<\/p>\n<p>Mas transformar uma suspeita numa certeza sem avalia\u00e7\u00e3o profissional pode gerar confus\u00e3o, alimentar cren\u00e7as erradas e dificultar o acesso ao apoio adequado.<\/p>\n<p>A sa\u00fade mental merece mais do que respostas r\u00e1pidas.<\/p>\n<p>Merece curiosidade, reflex\u00e3o e, quando necess\u00e1rio, uma avalia\u00e7\u00e3o s\u00e9ria e cuidadosa. Porque nem tudo o que vemos nas redes sociais \u00e9 um diagn\u00f3stico.<\/p>\n<p>E nem tudo o que sentimos precisa de ter um r\u00f3tulo para ser compreendido.<\/p>\n","protected":false},"excerpt":{"rendered":"Basta passar alguns minutos nas redes sociais para encontrar v\u00eddeos que prometem ajudar-te a descobrir se tens Perturba\u00e7\u00e3o&hellip;\n","protected":false},"author":2,"featured_media":400462,"comment_status":"","ping_status":"","sticky":false,"template":"","format":"standard","meta":{"footnotes":"","_share_on_mastodon":"0"},"categories":[86],"tags":[1404,4763,980,116,619,835,28488,32,33,117,1012,25403],"class_list":["post-400461","post","type-post","status-publish","format-standard","has-post-thumbnail","category-saude","tag-cronica","tag-exclusivo","tag-famosos","tag-health","tag-nacional","tag-opiniao","tag-phda","tag-portugal","tag-pt","tag-saude","tag-selfie","tag-vera-de-melo"],"share_on_mastodon":{"url":"https:\/\/pubeurope.com\/@pt\/116663691909031830","error":""},"_links":{"self":[{"href":"https:\/\/www.europesays.com\/pt\/wp-json\/wp\/v2\/posts\/400461","targetHints":{"allow":["GET"]}}],"collection":[{"href":"https:\/\/www.europesays.com\/pt\/wp-json\/wp\/v2\/posts"}],"about":[{"href":"https:\/\/www.europesays.com\/pt\/wp-json\/wp\/v2\/types\/post"}],"author":[{"embeddable":true,"href":"https:\/\/www.europesays.com\/pt\/wp-json\/wp\/v2\/users\/2"}],"replies":[{"embeddable":true,"href":"https:\/\/www.europesays.com\/pt\/wp-json\/wp\/v2\/comments?post=400461"}],"version-history":[{"count":0,"href":"https:\/\/www.europesays.com\/pt\/wp-json\/wp\/v2\/posts\/400461\/revisions"}],"wp:featuredmedia":[{"embeddable":true,"href":"https:\/\/www.europesays.com\/pt\/wp-json\/wp\/v2\/media\/400462"}],"wp:attachment":[{"href":"https:\/\/www.europesays.com\/pt\/wp-json\/wp\/v2\/media?parent=400461"}],"wp:term":[{"taxonomy":"category","embeddable":true,"href":"https:\/\/www.europesays.com\/pt\/wp-json\/wp\/v2\/categories?post=400461"},{"taxonomy":"post_tag","embeddable":true,"href":"https:\/\/www.europesays.com\/pt\/wp-json\/wp\/v2\/tags?post=400461"}],"curies":[{"name":"wp","href":"https:\/\/api.w.org\/{rel}","templated":true}]}}