{"id":400483,"date":"2026-05-30T13:34:09","date_gmt":"2026-05-30T13:34:09","guid":{"rendered":"https:\/\/www.europesays.com\/pt\/400483\/"},"modified":"2026-05-30T13:34:09","modified_gmt":"2026-05-30T13:34:09","slug":"nota-se-isso-a-leguas-catarina-miranda-partilha-forte-acusacao-a-afonso-leitao","status":"publish","type":"post","link":"https:\/\/www.europesays.com\/pt\/400483\/","title":{"rendered":"&#8220;Nota-se isso a l\u00e9guas&#8221;: Catarina Miranda partilha forte acusa\u00e7\u00e3o a Afonso Leit\u00e3o!"},"content":{"rendered":"<p>Trai\u00e7\u00f5es e mensagens desrespeitosas estar\u00e3o na origem do comunicado explosivo em que <a href=\"https:\/\/selfie.iol.pt\/famosos\/casa-dos-segredos\/ontem-a-noite-descobriu-mensagens-revelados-detalhes-sobre-polemica-de-catarina-miranda-e-afonso-leitao\/20260526\/6a157409d34edcee7c649627\" target=\"_blank\" rel=\"nofollow noopener\">Catarina Miranda<\/a> anunciou o fim do respetivo apoio \u00e0 presta\u00e7\u00e3o de <a href=\"https:\/\/selfie.iol.pt\/famosos\/secret-story\/amigo-de-afonso-leitao-explica-mensagens-que-levaram-catarina-miranda-a-explodir\/20260529\/6a19c449d34edcee7c64bde2\" target=\"_blank\" rel=\"nofollow noopener\">Afonso Leit\u00e3o<\/a> em &#8220;<a href=\"https:\/\/tvi.iol.pt\/secretstory\/\" target=\"_blank\" rel=\"nofollow noopener\">Secret Story<\/a> &#8211; Desafio Final&#8221;.<\/p>\n<p>Desde ent\u00e3o, Catarina Miranda tem-se mantido ativa na rede social X (antigo Twitter), partilhando mensagens de internautas sobre esta controv\u00e9rsia.<\/p>\n<p>Por exemplo, na manh\u00e3 deste s\u00e1bado, dia 30, a jovem de Almeirim fez quest\u00e3o de divulgar esta forte acusa\u00e7\u00e3o endere\u00e7ada a Afonso Leit\u00e3o. &#8220;O Afonso a dizer que a Catarina Miranda lhe ofereceu o telem\u00f3vel. Claro, ela dava-lhe tudo, por isso que ele nunca a largou&#8221;, atirou um internauta, que ainda acrescentou: &#8220;Que pessoa interesseira, nota-se isso a l\u00e9guas.&#8221;<\/p>\n<p>Veja, agora, algumas das melhores imagens de Catarina Miranda e Afonso Leit\u00e3o nas galerias de fotografias que prepar\u00e1mos para si.<\/p>\n<blockquote class=\"twitter-tweet\">\n<p lang=\"pt\">O Afonso a disser que a CM ofereceu-lhe o telem\u00f3vel . Claro, ela dava-lhe tudo por isso que ele nunca a largou . Que pessoa interesseira, nota-se isso a l\u00e9guas <a href=\"https:\/\/x.com\/hashtag\/sstvi?src=hash&amp;ref_src=twsrc%5Etfw\" rel=\"nofollow\">#sstvi<\/a><\/p>\n<p> \u2014 Comentador BB (@ComentadorBB_) <a href=\"https:\/\/x.com\/ComentadorBB_\/status\/2060495884438180345?ref_src=twsrc%5Etfw\" rel=\"nofollow\">May 29, 2026<\/a>\n<\/p><\/blockquote>\n","protected":false},"excerpt":{"rendered":"Trai\u00e7\u00f5es e mensagens desrespeitosas estar\u00e3o na origem do comunicado explosivo em que Catarina Miranda anunciou o fim do&hellip;\n","protected":false},"author":2,"featured_media":224214,"comment_status":"","ping_status":"","sticky":false,"template":"","format":"standard","meta":{"footnotes":"","_share_on_mastodon":"0"},"categories":[142],"tags":[2031,2632,342,114,115,980,619,32,33,1014,1315,1012,151,162,3664],"class_list":["post-400483","post","type-post","status-publish","format-standard","has-post-thumbnail","category-tv","tag-afonso-leitao","tag-casa-dos-segredos","tag-catarina-miranda","tag-entertainment","tag-entretenimento","tag-famosos","tag-nacional","tag-portugal","tag-pt","tag-reality-show","tag-secret-story","tag-selfie","tag-tv","tag-tvi","tag-twitter"],"share_on_mastodon":{"url":"https:\/\/pubeurope.com\/@pt\/116663790249294701","error":""},"_links":{"self":[{"href":"https:\/\/www.europesays.com\/pt\/wp-json\/wp\/v2\/posts\/400483","targetHints":{"allow":["GET"]}}],"collection":[{"href":"https:\/\/www.europesays.com\/pt\/wp-json\/wp\/v2\/posts"}],"about":[{"href":"https:\/\/www.europesays.com\/pt\/wp-json\/wp\/v2\/types\/post"}],"author":[{"embeddable":true,"href":"https:\/\/www.europesays.com\/pt\/wp-json\/wp\/v2\/users\/2"}],"replies":[{"embeddable":true,"href":"https:\/\/www.europesays.com\/pt\/wp-json\/wp\/v2\/comments?post=400483"}],"version-history":[{"count":0,"href":"https:\/\/www.europesays.com\/pt\/wp-json\/wp\/v2\/posts\/400483\/revisions"}],"wp:featuredmedia":[{"embeddable":true,"href":"https:\/\/www.europesays.com\/pt\/wp-json\/wp\/v2\/media\/224214"}],"wp:attachment":[{"href":"https:\/\/www.europesays.com\/pt\/wp-json\/wp\/v2\/media?parent=400483"}],"wp:term":[{"taxonomy":"category","embeddable":true,"href":"https:\/\/www.europesays.com\/pt\/wp-json\/wp\/v2\/categories?post=400483"},{"taxonomy":"post_tag","embeddable":true,"href":"https:\/\/www.europesays.com\/pt\/wp-json\/wp\/v2\/tags?post=400483"}],"curies":[{"name":"wp","href":"https:\/\/api.w.org\/{rel}","templated":true}]}}