{"id":40068,"date":"2025-08-22T10:43:04","date_gmt":"2025-08-22T10:43:04","guid":{"rendered":"https:\/\/www.europesays.com\/pt\/40068\/"},"modified":"2025-08-22T10:43:04","modified_gmt":"2025-08-22T10:43:04","slug":"serta-luis-farinha-apresenta-livro","status":"publish","type":"post","link":"https:\/\/www.europesays.com\/pt\/40068\/","title":{"rendered":"Sert\u00e3: Lu\u00eds Farinha apresenta livro"},"content":{"rendered":"<p>  <strong>Reconquista &#8211; <\/strong>22\/08\/2025 &#8211; 11:30<\/p>\n<p>A Biblioteca Municipal Padre Manuel Antunes, na Sert\u00e3, vai acolher no dia 22 de agosto a apresenta\u00e7\u00e3o do livro \u00abAnos de Brasa-contos e outros escritos\u00bb, de Lu\u00eds Farinha.<\/p>\n<p>  <img decoding=\"async\" src=\"https:\/\/www.europesays.com\/pt\/wp-content\/uploads\/2025\/08\/biblioteca_serta_2.jpg\" alt=\"\" class=\"img-responsive\"\/><\/p>\n<p class=\"legenda\">Apresenta\u00e7\u00e3o decorre na biblioteca<\/p>\n<p>A Biblioteca Municipal Padre Manuel Antunes, na Sert\u00e3, vai acolher no dia 22 de agosto a apresenta\u00e7\u00e3o do livro \u00abAnos de Brasa-contos e outros escritos\u00bb, de Lu\u00eds Farinha.<\/p>\n<p>\u201cPartindo de um inqu\u00e9rito \u00e0 realidade e \u00e0 mem\u00f3ria da experi\u00eancia vivida de jovens durante a Revolu\u00e7\u00e3o de Abril, a obra re\u00fane textos onde perante uma realidade ficcionada, se consegue perceber e captar uma presen\u00e7a pr\u00f3xima. A estes textos, contos ou cr\u00f3nicas, Lu\u00eds Farinha juntou um conjunto de estudos de outros atores que viveram ou experienciaram este per\u00edodo da hist\u00f3ria portuguesa\u201d, descreve o Munic\u00edpio da Sert\u00e3.<\/p>\n<p>Lu\u00eds Farinha reparte a sua vida entre o ensino, a investiga\u00e7\u00e3o e a dissemina\u00e7\u00e3o da hist\u00f3ria e da cultura portuguesa contempor\u00e2neas.<\/p>\n<p><strong>COMENT\u00c1RIOS<\/strong><\/p>\n","protected":false},"excerpt":{"rendered":"Reconquista &#8211; 22\/08\/2025 &#8211; 11:30 A Biblioteca Municipal Padre Manuel Antunes, na Sert\u00e3, vai acolher no dia 22&hellip;\n","protected":false},"author":2,"featured_media":40069,"comment_status":"","ping_status":"","sticky":false,"template":"","format":"standard","meta":{"footnotes":""},"categories":[143],"tags":[169,114,115,170,32,33],"class_list":{"0":"post-40068","1":"post","2":"type-post","3":"status-publish","4":"format-standard","5":"has-post-thumbnail","7":"category-livros","8":"tag-books","9":"tag-entertainment","10":"tag-entretenimento","11":"tag-livros","12":"tag-portugal","13":"tag-pt"},"share_on_mastodon":{"url":"","error":""},"_links":{"self":[{"href":"https:\/\/www.europesays.com\/pt\/wp-json\/wp\/v2\/posts\/40068","targetHints":{"allow":["GET"]}}],"collection":[{"href":"https:\/\/www.europesays.com\/pt\/wp-json\/wp\/v2\/posts"}],"about":[{"href":"https:\/\/www.europesays.com\/pt\/wp-json\/wp\/v2\/types\/post"}],"author":[{"embeddable":true,"href":"https:\/\/www.europesays.com\/pt\/wp-json\/wp\/v2\/users\/2"}],"replies":[{"embeddable":true,"href":"https:\/\/www.europesays.com\/pt\/wp-json\/wp\/v2\/comments?post=40068"}],"version-history":[{"count":0,"href":"https:\/\/www.europesays.com\/pt\/wp-json\/wp\/v2\/posts\/40068\/revisions"}],"wp:featuredmedia":[{"embeddable":true,"href":"https:\/\/www.europesays.com\/pt\/wp-json\/wp\/v2\/media\/40069"}],"wp:attachment":[{"href":"https:\/\/www.europesays.com\/pt\/wp-json\/wp\/v2\/media?parent=40068"}],"wp:term":[{"taxonomy":"category","embeddable":true,"href":"https:\/\/www.europesays.com\/pt\/wp-json\/wp\/v2\/categories?post=40068"},{"taxonomy":"post_tag","embeddable":true,"href":"https:\/\/www.europesays.com\/pt\/wp-json\/wp\/v2\/tags?post=40068"}],"curies":[{"name":"wp","href":"https:\/\/api.w.org\/{rel}","templated":true}]}}