{"id":400693,"date":"2026-05-30T18:01:10","date_gmt":"2026-05-30T18:01:10","guid":{"rendered":"https:\/\/www.europesays.com\/pt\/400693\/"},"modified":"2026-05-30T18:01:10","modified_gmt":"2026-05-30T18:01:10","slug":"o-quarteto-fantastico-da-marvel-e-os-incriveis-da-pixar-se-unem-em-crossover-veja","status":"publish","type":"post","link":"https:\/\/www.europesays.com\/pt\/400693\/","title":{"rendered":"O Quarteto Fant\u00e1stico da Marvel e Os Incr\u00edveis da Pixar se unem em crossover; veja"},"content":{"rendered":"<p>  <img width=\"76\" height=\"40\"   alt=\"Capa da Publica\u00e7\u00e3o\" class=\"article-cover__image\"\/><\/p>\n<p class=\"post__tagline\">Variante especial dos quadrinhos celebra anivers\u00e1rio da Pixar com encontro entre fam\u00edlias ic\u00f4nicas<\/p>\n<p>        30\/05\/2026      <\/p>\n<p>        &#8230;<\/p>\n<p>      Por<br \/>\n      <a href=\"https:\/\/twitter.com\/\" target=\"_blank\" rel=\"nofollow noopener\"><br \/>\n        Equipe Legi\u00e3o dos Her\u00f3is      <\/a><\/p>\n<p data-start=\"308\" data-end=\"604\">A <strong>Marvel<\/strong> resolveu apostar em um encontro improv\u00e1vel, mas que faz bastante sentido para quem acompanha o g\u00eanero de super-her\u00f3is. Em comemora\u00e7\u00e3o aos 40 anos da <strong>Pixar<\/strong>, a editora lan\u00e7ou uma capa variante que mistura o universo do <strong>Quarteto Fant\u00e1stico<\/strong> com <strong>Os Incr\u00edveis<\/strong>, anima\u00e7\u00e3o cl\u00e1ssica do est\u00fadio.<\/p>\n<p data-start=\"606\" data-end=\"979\">A arte faz parte de <strong>Fantastic Four #13<\/strong> e traz a fam\u00edlia P\u00eara ocupando os pap\u00e9is dos her\u00f3is da Marvel.<\/p>\n<p data-start=\"606\" data-end=\"979\">A ideia, \u00e9 claro, \u00e9 fazer um paralelo entre os dois grupos que j\u00e1 existe h\u00e1 anos, com Os Incr\u00edveis frequentemente sendo apontado como uma das melhores representa\u00e7\u00f5es do conceito de \u201cfam\u00edlia de super-her\u00f3is\u201d fora dos quadrinhos.<\/p>\n<p data-start=\"606\" data-end=\"979\"><img fetchpriority=\"high\" decoding=\"async\" class=\"size-full wp-image-901946 aligncenter lazyload\" alt=\"\" width=\"750\" height=\"1102\" \/><\/p>\n<p data-start=\"981\" data-end=\"1312\">Na ilustra\u00e7\u00e3o, <strong>Sr. Incr\u00edvel aparece no lugar do Coisa<\/strong>, enquanto <strong>Violeta assume a posi\u00e7\u00e3o da Mulher-Invis\u00edvel.<\/strong> J\u00e1 o pequeno <strong>Zez\u00e9<\/strong> surge em destaque com poderes em chamas, remetendo ao <strong>Tocha Humana<\/strong>.<\/p>\n<p data-start=\"981\" data-end=\"1312\">A composi\u00e7\u00e3o recria diretamente a capa cl\u00e1ssica de <strong>Fantastic Four #159<\/strong>, publicada em 1975, que mostrava o grupo ao lado dos Inumanos.<\/p>\n<p data-start=\"981\" data-end=\"1312\"><img decoding=\"async\" class=\"size-full wp-image-901951 aligncenter lazyload\" alt=\"\" width=\"500\" height=\"750\" \/><\/p>\n<p data-start=\"1314\" data-end=\"1612\">Para quem n\u00e3o conhece o material original, a imagem pode lembrar mais o cl\u00edmax de Os Incr\u00edveis (2004), quando a fam\u00edlia se une para enfrentar a amea\u00e7a criada por <strong>S\u00edndrome<\/strong>. A capa, no entanto, funciona como uma ponte entre essas duas refer\u00eancias, o cinema de anima\u00e7\u00e3o e a tradi\u00e7\u00e3o dos quadrinhos.<\/p>\n<p data-start=\"1614\" data-end=\"1895\">A homenagem faz parte de uma s\u00e9rie maior de capas comemorativas. Outros t\u00edtulos da Marvel tamb\u00e9m v\u00e3o ganhar vers\u00f5es inspiradas em filmes da Pixar, incluindo refer\u00eancias a <strong>Wall-E, Divertida Mente, Up<\/strong> e at\u00e9 <strong>Ratatouille<\/strong>, com diferentes artistas reinterpretando os personagens.<\/p>\n<p data-start=\"1897\" data-end=\"2144\">A iniciativa refor\u00e7a uma conex\u00e3o que j\u00e1 existia de forma indireta. Mesmo sem um crossover oficial nas telas, a rela\u00e7\u00e3o entre os dois universos sempre foi discutida, especialmente pela forma como ambos tratam din\u00e2micas familiares dentro do g\u00eanero.<\/p>\n<p data-start=\"1897\" data-end=\"2144\">Fique com:<\/p>\n<p>    <script async src=\"https:\/\/platform.twitter.com\/widgets.js\" charset=\"utf-8\"><\/script><\/p>\n","protected":false},"excerpt":{"rendered":"Variante especial dos quadrinhos celebra anivers\u00e1rio da Pixar com encontro entre fam\u00edlias ic\u00f4nicas 30\/05\/2026 &#8230; Por Equipe Legi\u00e3o&hellip;\n","protected":false},"author":2,"featured_media":400694,"comment_status":"","ping_status":"","sticky":false,"template":"","format":"standard","meta":{"footnotes":"","_share_on_mastodon":"0"},"categories":[140],"tags":[22908,114,115,147,148,146,32,33,66098],"class_list":["post-400693","post","type-post","status-publish","format-standard","has-post-thumbnail","category-filmes","tag-demolidor","tag-entertainment","tag-entretenimento","tag-film","tag-filmes","tag-movies","tag-portugal","tag-pt","tag-viloes"],"share_on_mastodon":{"url":"https:\/\/pubeurope.com\/@pt\/116664839941557437","error":""},"_links":{"self":[{"href":"https:\/\/www.europesays.com\/pt\/wp-json\/wp\/v2\/posts\/400693","targetHints":{"allow":["GET"]}}],"collection":[{"href":"https:\/\/www.europesays.com\/pt\/wp-json\/wp\/v2\/posts"}],"about":[{"href":"https:\/\/www.europesays.com\/pt\/wp-json\/wp\/v2\/types\/post"}],"author":[{"embeddable":true,"href":"https:\/\/www.europesays.com\/pt\/wp-json\/wp\/v2\/users\/2"}],"replies":[{"embeddable":true,"href":"https:\/\/www.europesays.com\/pt\/wp-json\/wp\/v2\/comments?post=400693"}],"version-history":[{"count":0,"href":"https:\/\/www.europesays.com\/pt\/wp-json\/wp\/v2\/posts\/400693\/revisions"}],"wp:featuredmedia":[{"embeddable":true,"href":"https:\/\/www.europesays.com\/pt\/wp-json\/wp\/v2\/media\/400694"}],"wp:attachment":[{"href":"https:\/\/www.europesays.com\/pt\/wp-json\/wp\/v2\/media?parent=400693"}],"wp:term":[{"taxonomy":"category","embeddable":true,"href":"https:\/\/www.europesays.com\/pt\/wp-json\/wp\/v2\/categories?post=400693"},{"taxonomy":"post_tag","embeddable":true,"href":"https:\/\/www.europesays.com\/pt\/wp-json\/wp\/v2\/tags?post=400693"}],"curies":[{"name":"wp","href":"https:\/\/api.w.org\/{rel}","templated":true}]}}