{"id":400809,"date":"2026-05-30T20:16:12","date_gmt":"2026-05-30T20:16:12","guid":{"rendered":"https:\/\/www.europesays.com\/pt\/400809\/"},"modified":"2026-05-30T20:16:12","modified_gmt":"2026-05-30T20:16:12","slug":"action-apresenta-12-artigos-essenciais-para-aproveitar-o-verao-a-precos-acessiveis","status":"publish","type":"post","link":"https:\/\/www.europesays.com\/pt\/400809\/","title":{"rendered":"Action apresenta 12 artigos essenciais para aproveitar o ver\u00e3o a pre\u00e7os acess\u00edveis"},"content":{"rendered":"<p>Com a chegada do <a href=\"https:\/\/www.action.com\/pt-pt\/moment\/dia-de-verao\/\" target=\"_blank\" rel=\"noopener nofollow\">ver\u00e3o<\/a>, aumentam os dias passados ao ar livre, os encontros em fam\u00edlia e os momentos de lazer na praia, no jardim ou na varanda. A pensar nesta \u00e9poca do ano, a Action reuniu uma sele\u00e7\u00e3o de 12 artigos pr\u00e1ticos e baratos que prometem tornar os meses mais quentes mais confort\u00e1veis.<\/p>\n<p>Prote\u00e7\u00e3o solar e conforto para toda a fam\u00edlia na Action<\/p>\n<p>A prote\u00e7\u00e3o solar assume um papel essencial durante o ver\u00e3o. Nesse sentido, a Action aumenta a oferta da gama Zenova, com produtos adaptados \u00e0s necessidades de adultos e crian\u00e7as.<\/p>\n<p>Entre as principais <a href=\"https:\/\/www.magazine-hd.com\/apps\/wp\/action-mochila-termica-mais-barata-mercado\/\" target=\"_blank\" rel=\"noopener nofollow\">sugest\u00f5es<\/a> encontra-se o protetor solar facial com cor Zenova, dispon\u00edvel por 4,49 euros. Este produto combina prote\u00e7\u00e3o solar com um acabamento uniforme, ideal para utiliza\u00e7\u00e3o di\u00e1ria durante os dias mais quentes.<\/p>\n<p>Al\u00e9m disso, o protetor solar em spray Zenova Kids, por 5,95 euros, facilita a aplica\u00e7\u00e3o em crian\u00e7as e ajuda a proteger a pele durante longos per\u00edodos de exposi\u00e7\u00e3o solar. J\u00e1 o leite solar com minerais Zenova, est\u00e1 dispon\u00edvel por 7,49 euros.<\/p>\n<p>Por outro lado, os momentos de descanso na praia tamb\u00e9m ganham destaque nesta cole\u00e7\u00e3o sazonal. O saco e toalha de praia 2 em 1, por 9,95 euros, permite transportar os essenciais de forma pr\u00e1tica, enquanto a cadeira de praia dobr\u00e1vel Keter, tamb\u00e9m por 9,95 euros, oferece uma solu\u00e7\u00e3o confort\u00e1vel e f\u00e1cil de transportar. Para os mais pequenos, a piscina para crian\u00e7as Bestway, dispon\u00edvel por 4,79 euros, promete animar os dias de calor em casa.<\/p>\n<p>Para refei\u00e7\u00f5es e conv\u00edvio ao ar livre<\/p>\n<p>Ao mesmo tempo, os finais de tarde no exterior tornam-se uma das atividades favoritas durante o ver\u00e3o. Assim, a Action reuniu v\u00e1rios produtos pensados para piqueniques, churrascos e refei\u00e7\u00f5es ao ar livre.<\/p>\n<p>O grelhador com rodas Big Jeff, por 27,95 euros, surge como uma das principais propostas para quem pretende organizar churrascos em jardins ou terra\u00e7os.<\/p>\n<p>Al\u00e9m disso, o toldo dispon\u00edvel por 8,99 euros ajuda a criar zonas de sombra em varandas, jardins ou zonas de lazer exteriores. J\u00e1 a manta de piquenique, por 7,99 euros, oferece uma solu\u00e7\u00e3o pr\u00e1tica para refei\u00e7\u00f5es em parques, praias ou jardins.<\/p>\n<p>Por sua vez, a mala t\u00e9rmica, dispon\u00edvel a partir de 3,99 euros, permite conservar bebidas e alimentos frescos durante v\u00e1rias horas, tornando-se indispens\u00e1vel para passeios, viagens e dias de <a href=\"https:\/\/www.magazine-hd.com\/apps\/wp\/action-powerbank-solar-mais-barato-do-mercado\/\" target=\"_blank\" rel=\"noopener nofollow\">praia<\/a>.<\/p>\n<p>Para relaxar no ver\u00e3o<\/p>\n<p>Para quem privilegia momentos de descanso, a Action tem tamb\u00e9m op\u00e7\u00f5es focadas no conforto e na <a href=\"https:\/\/www.magazine-hd.com\/apps\/wp\/action-nova-grande-promocao-por-tempo-limitado\/\" target=\"_blank\" rel=\"noopener nofollow\">decora\u00e7\u00e3o<\/a> exterior.<br \/>A cadeira Lounge com almofada, dispon\u00edvel por 39,95 euros, destaca-se pelo design confort\u00e1vel e pela versatilidade para jardins, terra\u00e7os e varandas.<\/p>\n<p>Por fim, o candeeiro de parede solar, por 5,99 euros, oferece uma solu\u00e7\u00e3o econ\u00f3mica e sustent\u00e1vel para ilumina\u00e7\u00e3o exterior.<\/p>\n","protected":false},"excerpt":{"rendered":"Com a chegada do ver\u00e3o, aumentam os dias passados ao ar livre, os encontros em fam\u00edlia e os&hellip;\n","protected":false},"author":2,"featured_media":390120,"comment_status":"","ping_status":"","sticky":false,"template":"","format":"standard","meta":{"footnotes":"","_share_on_mastodon":"0"},"categories":[85],"tags":[7575,2402,114,115,635,32,9883,2406,33,293],"class_list":["post-400809","post","type-post","status-publish","format-standard","has-post-thumbnail","category-entretenimento","tag-action","tag-descontos","tag-entertainment","tag-entretenimento","tag-novidade","tag-portugal","tag-produtos","tag-promocao","tag-pt","tag-verao"],"share_on_mastodon":{"url":"https:\/\/pubeurope.com\/@pt\/116665371052975757","error":""},"_links":{"self":[{"href":"https:\/\/www.europesays.com\/pt\/wp-json\/wp\/v2\/posts\/400809","targetHints":{"allow":["GET"]}}],"collection":[{"href":"https:\/\/www.europesays.com\/pt\/wp-json\/wp\/v2\/posts"}],"about":[{"href":"https:\/\/www.europesays.com\/pt\/wp-json\/wp\/v2\/types\/post"}],"author":[{"embeddable":true,"href":"https:\/\/www.europesays.com\/pt\/wp-json\/wp\/v2\/users\/2"}],"replies":[{"embeddable":true,"href":"https:\/\/www.europesays.com\/pt\/wp-json\/wp\/v2\/comments?post=400809"}],"version-history":[{"count":0,"href":"https:\/\/www.europesays.com\/pt\/wp-json\/wp\/v2\/posts\/400809\/revisions"}],"wp:featuredmedia":[{"embeddable":true,"href":"https:\/\/www.europesays.com\/pt\/wp-json\/wp\/v2\/media\/390120"}],"wp:attachment":[{"href":"https:\/\/www.europesays.com\/pt\/wp-json\/wp\/v2\/media?parent=400809"}],"wp:term":[{"taxonomy":"category","embeddable":true,"href":"https:\/\/www.europesays.com\/pt\/wp-json\/wp\/v2\/categories?post=400809"},{"taxonomy":"post_tag","embeddable":true,"href":"https:\/\/www.europesays.com\/pt\/wp-json\/wp\/v2\/tags?post=400809"}],"curies":[{"name":"wp","href":"https:\/\/api.w.org\/{rel}","templated":true}]}}