{"id":400855,"date":"2026-05-30T21:14:32","date_gmt":"2026-05-30T21:14:32","guid":{"rendered":"https:\/\/www.europesays.com\/pt\/400855\/"},"modified":"2026-05-30T21:14:32","modified_gmt":"2026-05-30T21:14:32","slug":"katiuscia-canoro-luis-salem-e-luana-xavier-farao-novo-humoristico-do-multishow-veja-quem-mais-esta-no-elenco","status":"publish","type":"post","link":"https:\/\/www.europesays.com\/pt\/400855\/","title":{"rendered":"Katiuscia Canoro, Luis Salem e Luana Xavier far\u00e3o novo humor\u00edstico do Multishow. Veja quem mais est\u00e1 no elenco"},"content":{"rendered":"\n<p class=\" content-text__container \" data-track-category=\"Link no Texto\" data-track-links=\"\"> Os personagens s\u00e3o inspirados em santos que as pessoas costumam acionar no cotidiano para tentar resolver as mais diversas quest\u00f5es, como Longuinho e Edwiges. As grava\u00e7\u00f5es come\u00e7ar\u00e3o em junho. <\/p>\n<p class=\" content-text__container \" data-track-category=\"Link no Texto\" data-track-links=\"\"> O projeto, criado por Marcelo Andrade, tem dire\u00e7\u00e3o de Gigi Soares, desenvolvimento e reda\u00e7\u00e3o final de Renato Fagundes e coordena\u00e7\u00e3o de roteiro de Arnaldo Bloch. A produ\u00e7\u00e3o \u00e9 de A F\u00e1brica. <\/p>\n","protected":false},"excerpt":{"rendered":"Os personagens s\u00e3o inspirados em santos que as pessoas costumam acionar no cotidiano para tentar resolver as mais&hellip;\n","protected":false},"author":2,"featured_media":400856,"comment_status":"","ping_status":"","sticky":false,"template":"","format":"standard","meta":{"footnotes":"","_share_on_mastodon":"0"},"categories":[142],"tags":[114,115,66115,3179,25935,2933,6111,32,33,679,151],"class_list":["post-400855","post","type-post","status-publish","format-standard","has-post-thumbnail","category-tv","tag-entertainment","tag-entretenimento","tag-flavio-bauraqui","tag-globoplay","tag-katiuscia-canoro","tag-multishow","tag-plataforma-digital-de-streaming-de-videos-e-audios-sob-demanda-do-grupo-globo","tag-portugal","tag-pt","tag-reportagem","tag-tv"],"share_on_mastodon":{"url":"https:\/\/pubeurope.com\/@pt\/116665599042114965","error":""},"_links":{"self":[{"href":"https:\/\/www.europesays.com\/pt\/wp-json\/wp\/v2\/posts\/400855","targetHints":{"allow":["GET"]}}],"collection":[{"href":"https:\/\/www.europesays.com\/pt\/wp-json\/wp\/v2\/posts"}],"about":[{"href":"https:\/\/www.europesays.com\/pt\/wp-json\/wp\/v2\/types\/post"}],"author":[{"embeddable":true,"href":"https:\/\/www.europesays.com\/pt\/wp-json\/wp\/v2\/users\/2"}],"replies":[{"embeddable":true,"href":"https:\/\/www.europesays.com\/pt\/wp-json\/wp\/v2\/comments?post=400855"}],"version-history":[{"count":0,"href":"https:\/\/www.europesays.com\/pt\/wp-json\/wp\/v2\/posts\/400855\/revisions"}],"wp:featuredmedia":[{"embeddable":true,"href":"https:\/\/www.europesays.com\/pt\/wp-json\/wp\/v2\/media\/400856"}],"wp:attachment":[{"href":"https:\/\/www.europesays.com\/pt\/wp-json\/wp\/v2\/media?parent=400855"}],"wp:term":[{"taxonomy":"category","embeddable":true,"href":"https:\/\/www.europesays.com\/pt\/wp-json\/wp\/v2\/categories?post=400855"},{"taxonomy":"post_tag","embeddable":true,"href":"https:\/\/www.europesays.com\/pt\/wp-json\/wp\/v2\/tags?post=400855"}],"curies":[{"name":"wp","href":"https:\/\/api.w.org\/{rel}","templated":true}]}}