{"id":400873,"date":"2026-05-30T21:37:15","date_gmt":"2026-05-30T21:37:15","guid":{"rendered":"https:\/\/www.europesays.com\/pt\/400873\/"},"modified":"2026-05-30T21:37:15","modified_gmt":"2026-05-30T21:37:15","slug":"um-em-cada-quatro-militantes-do-psd-em-espinho-vota-branco-ou-nulo-contra-luis-montenegro-nas-diretas","status":"publish","type":"post","link":"https:\/\/www.europesays.com\/pt\/400873\/","title":{"rendered":"Um em cada quatro militantes do PSD em Espinho vota branco ou nulo contra Lu\u00eds Montenegro nas diretas"},"content":{"rendered":"<p>O primeiro-ministro Lu\u00eds Montenegro, candidato \u00fanico \u00e0 reelei\u00e7\u00e3o para um novo mandato de dois anos na presid\u00eancia do PSD, teve <strong>um em cada quatro militantes da concelhia de Espinho, na qual est\u00e1 inscrito, a preferirem votar branco ou nulo em vez de lhe darem o seu voto nas elei\u00e7\u00f5es diretas realizadas neste s\u00e1bado.<\/strong><\/p>\n<p>Apesar de ter conseguido o voto de 177 militantes de Espinho, presumindo-se que ter\u00e1 sido um deles, visto que o l\u00edder reeleito social-democrata deslocou-se ao concelho de onde \u00e9 natural para participar nas elei\u00e7\u00f5es diretas, registaram-se 36 votos em branco (15,25%) e 23 votos nulos (9,75%).<\/p>\n<p><strong>A concelhia do PSD-Espinho foi um dos epicentros dos descontentes com a lideran\u00e7a social-democrata nas elei\u00e7\u00f5es para as estruturas distritais e concelhias, realizadas no in\u00edcio deste ano<\/strong>. Acabou por ser reeleito Ricardo Bastos Sousa, que alegou ter sido vetado por Lu\u00eds Montenegro como candidato \u00e0 C\u00e2mara de Espinho nas aut\u00e1rquicas de 2025, obtendo mais dois votos do que a deputada Carolina Marques, que teve apoio declarado da mulher do primeiro-ministro, Carla Montenegro.<\/p>\n<p>Essa elei\u00e7\u00e3o acabou por ser impugnada pelo Conselho de Jurisdi\u00e7\u00e3o Distrital de Aveiro, por haver inconformidade entre o n\u00famero de boletins de voto e de eleitores na vota\u00e7\u00e3o para a distrital &#8211; embora o mesmo n\u00e3o se tenha verificado na disputa pela concelhia -, mas Ricardo Bastos Sousa recorreu da decis\u00e3o de repetir o ato eleitoral para o Conselho de Jurisdi\u00e7\u00e3o Nacional.<\/p>\n<p>De qualquer forma, <strong>o elevado n\u00famero de votos em branco e nulos nas elei\u00e7\u00f5es diretas para a presid\u00eancia do PSD, que antecede o Congresso marcado para 20 e 21 de junho, em Sangalhos (Anadia), indicia que as disputas internas em Espinho n\u00e3o foram esquecidas.<\/strong><\/p>\n<p>\u00c0s 20h15 deste s\u00e1bado, quando estavam apuradas 277 sec\u00e7\u00f5es concelhias do PSD, com apenas 70 por apurar, Lu\u00eds Montenegro garantira 12.750 votos favor\u00e1veis, contra 457 em branco e 240 nulos.<\/p>\n","protected":false},"excerpt":{"rendered":"O primeiro-ministro Lu\u00eds Montenegro, candidato \u00fanico \u00e0 reelei\u00e7\u00e3o para um novo mandato de dois anos na presid\u00eancia do&hellip;\n","protected":false},"author":2,"featured_media":400874,"comment_status":"","ping_status":"","sticky":false,"template":"","format":"standard","meta":{"footnotes":"","_share_on_mastodon":"0"},"categories":[10],"tags":[27,28,66118,7854,15,16,14,25,26,1447,21,22,12,13,19,20,18750,32,23,24,33,17,18,29,30,31],"class_list":["post-400873","post","type-post","status-publish","format-standard","has-post-thumbnail","category-portugal","tag-breaking-news","tag-breakingnews","tag-diretas-no-psd","tag-espinho","tag-featured-news","tag-featurednews","tag-headlines","tag-latest-news","tag-latestnews","tag-luis-montenegro","tag-main-news","tag-mainnews","tag-news","tag-noticias","tag-noticias-principais","tag-noticiasprincipais","tag-partido-social-democrata","tag-portugal","tag-principais-noticias","tag-principaisnoticias","tag-pt","tag-top-stories","tag-topstories","tag-ultimas","tag-ultimas-noticias","tag-ultimasnoticias"],"share_on_mastodon":{"url":"https:\/\/pubeurope.com\/@pt\/116665689631667449","error":""},"_links":{"self":[{"href":"https:\/\/www.europesays.com\/pt\/wp-json\/wp\/v2\/posts\/400873","targetHints":{"allow":["GET"]}}],"collection":[{"href":"https:\/\/www.europesays.com\/pt\/wp-json\/wp\/v2\/posts"}],"about":[{"href":"https:\/\/www.europesays.com\/pt\/wp-json\/wp\/v2\/types\/post"}],"author":[{"embeddable":true,"href":"https:\/\/www.europesays.com\/pt\/wp-json\/wp\/v2\/users\/2"}],"replies":[{"embeddable":true,"href":"https:\/\/www.europesays.com\/pt\/wp-json\/wp\/v2\/comments?post=400873"}],"version-history":[{"count":0,"href":"https:\/\/www.europesays.com\/pt\/wp-json\/wp\/v2\/posts\/400873\/revisions"}],"wp:featuredmedia":[{"embeddable":true,"href":"https:\/\/www.europesays.com\/pt\/wp-json\/wp\/v2\/media\/400874"}],"wp:attachment":[{"href":"https:\/\/www.europesays.com\/pt\/wp-json\/wp\/v2\/media?parent=400873"}],"wp:term":[{"taxonomy":"category","embeddable":true,"href":"https:\/\/www.europesays.com\/pt\/wp-json\/wp\/v2\/categories?post=400873"},{"taxonomy":"post_tag","embeddable":true,"href":"https:\/\/www.europesays.com\/pt\/wp-json\/wp\/v2\/tags?post=400873"}],"curies":[{"name":"wp","href":"https:\/\/api.w.org\/{rel}","templated":true}]}}